{"id":29978,"date":"2023-03-07T09:33:00","date_gmt":"2023-03-07T12:33:00","guid":{"rendered":"http:\/\/revistabife.com\/?p=29978"},"modified":"2023-03-07T09:33:01","modified_gmt":"2023-03-07T12:33:01","slug":"luan-toro-abrio-el-ciclo-lectivo-con-la-escuela-acondicionada","status":"publish","type":"post","link":"https:\/\/revistabife.com\/index.php\/2023\/03\/07\/luan-toro-abrio-el-ciclo-lectivo-con-la-escuela-acondicionada\/","title":{"rendered":"Luan Toro abri\u00f3 el ciclo lectivo con la escuela acondicionada"},"content":{"rendered":"\n<p class=\"has-drop-cap has-medium-font-size\">Las mejoras para dar funcionalidad al edificio educativo primario de Luan Toro fueron concluidas. Alumnos y docentes iniciaron el ciclo lectivo 2023 en un espacio que se corresponde con las necesidades pedag\u00f3gicas, sociales y recreativas. \u00a0<\/p>\n\n\n\n<p class=\"has-medium-font-size\">El Ministerio de Obras y Servicios P\u00fablicos culmin\u00f3 la obra de la Escuela Primaria N\u00ba 55 de cuya intervenci\u00f3n tuvo como finalidad otorgar a quienes asisten un edificio apropiado que contemple las necesidades actuales.<\/p>\n\n\n\n<p class=\"has-medium-font-size\">Ante la Agencia Provincial de Noticias el director de dicha escuela, Alejandro Sosa, hizo referencia a la intervenci\u00f3n que se desarroll\u00f3 en las instalaciones del establecimiento educativo y dijo, \u201cesta obra hace muchos a\u00f1os se hab\u00eda solicitado, porque de escuela com\u00fan pas\u00f3 a ser de jornada completa y la construcci\u00f3n de un comedor era fundamental, el a\u00f1o pasado se inici\u00f3 y vamos a comenzar este ciclo lectivo con el comedor y las refacciones finalizadas\u201d.<\/p>\n\n\n\n<p class=\"has-medium-font-size\">\u201cLa Escuela 55 de Luan Toro, es de jornada completa, los ni\u00f1os y ni\u00f1as de nivel primario est\u00e1n en el establecimiento desde las 8 a las 15, el colegio secundario funciona en otro edificio ubicado en otro sector del pueblo\u201d.<br>\u201cMantener estas infraestructuras en condiciones es muy importante, porque somos un pueblo alejado de las ciudades m\u00e1s importantes y necesitamos escuelas en condiciones porque hacen a la convivencia de toda la comunidad educativa\u201d, finaliz\u00f3 Sosa.<\/p>\n\n\n\n<p class=\"has-medium-font-size\">La propuesta arquitect\u00f3nica surge luego del diagn\u00f3stico de la estructura y plantea la ampliaci\u00f3n del comedor, cocina y dep\u00f3sito. En el sector existente de estos ambientes se demolieron las paredes interiores para reorganizar la cocina y dep\u00f3sito en busca de un mejor espacio.<\/p>\n\n\n\n<p class=\"has-medium-font-size\">Las intervenciones en el edificio lograron lugares confortables para las actividades. Las modificaciones han obligado a cambiar el ingreso de la escuela, adem\u00e1s de bajar el nivel del piso para tener accesibilidad inclusiva, tambi\u00e9n se realizaron intervenciones en sanitarios para personas con discapacidad.<\/p>\n\n\n\n<p class=\"has-medium-font-size\">Los ba\u00f1os de ni\u00f1os y ni\u00f1as se demolieron para una refacci\u00f3n sustancial, se instalaron sanitarios nuevos.<\/p>\n\n\n\n<p class=\"has-medium-font-size\">Las reparaciones realizadas en el sal\u00f3n de usos m\u00faltiples incluyeron la colocaci\u00f3n de extractores e\u00f3licos, canaletas perimetrales y desag\u00fces pluviales.<\/p>\n\n\n\n<p class=\"has-medium-font-size\">Todos los espacios interiores y exteriores fueron pintados, se realizaron nuevas instalaciones el\u00e9ctricas y de gas, para dar seguridad y bienestar a la comunidad educativa. La construcci\u00f3n estuvo a cargo de la empresa Antonella Canalis, con un presupuesto de $ 28.062.691 en un plazo de 180 d\u00edas. <\/p>\n","protected":false},"excerpt":{"rendered":"<p>Las mejoras para dar funcionalidad al edificio educativo primario de Luan Toro fueron concluidas. Alumnos<\/p>\n","protected":false},"author":1,"featured_media":29979,"comment_status":"closed","ping_status":"open","sticky":false,"template":"","format":"standard","meta":{"om_disable_all_campaigns":false,"_monsterinsights_skip_tracking":false,"_monsterinsights_sitenote_active":false,"_monsterinsights_sitenote_note":"","_monsterinsights_sitenote_category":0,"_uf_show_specific_survey":0,"_uf_disable_surveys":false,"footnotes":""},"categories":[32,1913],"tags":[],"class_list":["post-29978","post","type-post","status-publish","format-standard","has-post-thumbnail","hentry","category-actualidad","category-porvinciales"],"aioseo_notices":[],"_links":{"self":[{"href":"https:\/\/revistabife.com\/index.php\/wp-json\/wp\/v2\/posts\/29978"}],"collection":[{"href":"https:\/\/revistabife.com\/index.php\/wp-json\/wp\/v2\/posts"}],"about":[{"href":"https:\/\/revistabife.com\/index.php\/wp-json\/wp\/v2\/types\/post"}],"author":[{"embeddable":true,"href":"https:\/\/revistabife.com\/index.php\/wp-json\/wp\/v2\/users\/1"}],"replies":[{"embeddable":true,"href":"https:\/\/revistabife.com\/index.php\/wp-json\/wp\/v2\/comments?post=29978"}],"version-history":[{"count":1,"href":"https:\/\/revistabife.com\/index.php\/wp-json\/wp\/v2\/posts\/29978\/revisions"}],"predecessor-version":[{"id":29980,"href":"https:\/\/revistabife.com\/index.php\/wp-json\/wp\/v2\/posts\/29978\/revisions\/29980"}],"wp:featuredmedia":[{"embeddable":true,"href":"https:\/\/revistabife.com\/index.php\/wp-json\/wp\/v2\/media\/29979"}],"wp:attachment":[{"href":"https:\/\/revistabife.com\/index.php\/wp-json\/wp\/v2\/media?parent=29978"}],"wp:term":[{"taxonomy":"category","embeddable":true,"href":"https:\/\/revistabife.com\/index.php\/wp-json\/wp\/v2\/categories?post=29978"},{"taxonomy":"post_tag","embeddable":true,"href":"https:\/\/revistabife.com\/index.php\/wp-json\/wp\/v2\/tags?post=29978"}],"curies":[{"name":"wp","href":"https:\/\/api.w.org\/{rel}","templated":true}]}}