{"id":29975,"date":"2023-03-07T08:41:13","date_gmt":"2023-03-07T11:41:13","guid":{"rendered":"http:\/\/revistabife.com\/?p=29975"},"modified":"2023-03-07T08:41:14","modified_gmt":"2023-03-07T11:41:14","slug":"una-muestra-por-la-memoria-verdad-y-justicia-en-el-marco-de-los-40-anos-del-retorno-de-la-democracia","status":"publish","type":"post","link":"https:\/\/revistabife.com\/index.php\/2023\/03\/07\/una-muestra-por-la-memoria-verdad-y-justicia-en-el-marco-de-los-40-anos-del-retorno-de-la-democracia\/","title":{"rendered":"Una muestra por la Memoria, Verdad y Justicia en el marco de los 40 a\u00f1os del retorno de la Democracia"},"content":{"rendered":"\n<p class=\"has-drop-cap has-medium-font-size\">La Secretar\u00eda de Cultura del Gobierno de La Pampa invita a esta\u00a0muestra\u00a0que\u00a0se inaugurar\u00e1 el\u00a0pr\u00f3ximo\u00a0viernes 10 de\u00a0marzo a las 20:00, enmarcada\u00a0dentro de las actividades en conmemoraci\u00f3n de los 47 a\u00f1os del golpe de Estado\u00a0por la \u201cMemoria,\u00a0Verdad y Justicia\u201d, y en el marco de\u00a0los\u00a040 a\u00f1os del retorno de la\u00a0Democracia.\u00a0<\/p>\n\n\n\n<p class=\"has-medium-font-size\">La&nbsp;muestra exhibe lahistoria de la organizaci\u00f3n \u201cAbuelas de Plaza de Mayo\u201d a trav\u00e9s de fotograf\u00edas, desde las primeras acciones hasta los \u00faltimos a\u00f1os. Tambi\u00e9n consta de&nbsp;50 twitterelatos, una convocatoria a nivel nacional que llev\u00f3 adelante \u201cAbuelas&#8230;\u201d, en donde se plasm\u00f3 a trav\u00e9s de la red social diversos relatos que dan cuenta de la lucha, la insistencia y el trabajo realizado y su lucha por restablecer la identidad.<\/p>\n\n\n\n<p class=\"has-medium-font-size\">Cada uno de esos microrrelatos fueron ilustrados por diferentes artistas e ilustradores dando como resultado una combinaci\u00f3n de texto e imagen que se integr\u00f3 en una muestra itinerante, la cual tambi\u00e9n aport\u00f3 a la difusi\u00f3n del trabajo de este grupo de mujeres para la recuperaci\u00f3n de nietos y nietas.<\/p>\n\n\n\n<p class=\"has-medium-font-size\"><strong>La etapa m\u00e1s oscura<\/strong><\/p>\n\n\n\n<p class=\"has-medium-font-size\">El 24 de marzo de 1976 comenz\u00f3 en la Argentina una de las etapas m\u00e1s oscuras de nuestra historia. Las fuerzas armadas se alzaron con el poder a trav\u00e9s de un golpe militar que se autodenomin\u00f3 \u201cProceso de Reorganizaci\u00f3n Nacional\u201d y dej\u00f3 como saldo 30.000 desaparecidos de todas las edades, g\u00e9neros y condiciones sociales.<\/p>\n\n\n\n<p class=\"has-medium-font-size\">En La Pampa el proceso llev\u00f3 el nombre de Sub Zona 14 y tuvo las mismas intenciones que en el resto del pa\u00eds. Por mucho tiempo se consider\u00f3 que el territorio pampeano era una \u201cisla\u201d en donde las atrocidades de la dictadura no hab\u00edan llegado. Sin embargo a trav\u00e9s del juicio a los responsables de aquel plan en 2010, y gracias a los testimonios de aquellos que padecieron la dictadura c\u00edvico militar, se pudo poner en palabras y sacar a la luz todo lo que pas\u00f3 en aquellos tiempos.<\/p>\n\n\n\n<p class=\"has-medium-font-size\">Un a\u00f1o despu\u00e9s, en 1977, nace Abuelas de Plaza de Mayo, una organizaci\u00f3n no gubernamental cuyo objetivo fue localizar y restituir a sus leg\u00edtimas familias todos los ni\u00f1os desaparecidos por la \u00faltima dictadura argentina.&nbsp;Hasta el momento llevan recuperados 132 nietos de los 500 que estiman fueron apropiados.<\/p>\n\n\n\n<p class=\"has-medium-font-size\"><strong>V\u00edctimas pampeanas<\/strong><\/p>\n\n\n\n<p class=\"has-medium-font-size\">Por otro lado se presentar\u00e1 una instalaci\u00f3n en homenaje a las v\u00edctimas pampeanas de la \u00faltima dictadura c\u00edvico militar. En ella, el espectador podr\u00e1 interactuar con las im\u00e1genes que son parte del archivo de la Secretar\u00eda de Derechos Humanos del Gobierno de La Provincia.<\/p>\n","protected":false},"excerpt":{"rendered":"<p>La Secretar\u00eda de Cultura del Gobierno de La Pampa invita a esta\u00a0muestra\u00a0que\u00a0se inaugurar\u00e1 el\u00a0pr\u00f3ximo\u00a0viernes 10<\/p>\n","protected":false},"author":1,"featured_media":29976,"comment_status":"closed","ping_status":"open","sticky":false,"template":"","format":"standard","meta":{"om_disable_all_campaigns":false,"_monsterinsights_skip_tracking":false,"_monsterinsights_sitenote_active":false,"_monsterinsights_sitenote_note":"","_monsterinsights_sitenote_category":0,"_uf_show_specific_survey":0,"_uf_disable_surveys":false,"footnotes":""},"categories":[32,1913],"tags":[],"class_list":["post-29975","post","type-post","status-publish","format-standard","has-post-thumbnail","hentry","category-actualidad","category-porvinciales"],"aioseo_notices":[],"_links":{"self":[{"href":"https:\/\/revistabife.com\/index.php\/wp-json\/wp\/v2\/posts\/29975"}],"collection":[{"href":"https:\/\/revistabife.com\/index.php\/wp-json\/wp\/v2\/posts"}],"about":[{"href":"https:\/\/revistabife.com\/index.php\/wp-json\/wp\/v2\/types\/post"}],"author":[{"embeddable":true,"href":"https:\/\/revistabife.com\/index.php\/wp-json\/wp\/v2\/users\/1"}],"replies":[{"embeddable":true,"href":"https:\/\/revistabife.com\/index.php\/wp-json\/wp\/v2\/comments?post=29975"}],"version-history":[{"count":1,"href":"https:\/\/revistabife.com\/index.php\/wp-json\/wp\/v2\/posts\/29975\/revisions"}],"predecessor-version":[{"id":29977,"href":"https:\/\/revistabife.com\/index.php\/wp-json\/wp\/v2\/posts\/29975\/revisions\/29977"}],"wp:featuredmedia":[{"embeddable":true,"href":"https:\/\/revistabife.com\/index.php\/wp-json\/wp\/v2\/media\/29976"}],"wp:attachment":[{"href":"https:\/\/revistabife.com\/index.php\/wp-json\/wp\/v2\/media?parent=29975"}],"wp:term":[{"taxonomy":"category","embeddable":true,"href":"https:\/\/revistabife.com\/index.php\/wp-json\/wp\/v2\/categories?post=29975"},{"taxonomy":"post_tag","embeddable":true,"href":"https:\/\/revistabife.com\/index.php\/wp-json\/wp\/v2\/tags?post=29975"}],"curies":[{"name":"wp","href":"https:\/\/api.w.org\/{rel}","templated":true}]}}