{"id":29972,"date":"2023-03-07T08:36:58","date_gmt":"2023-03-07T11:36:58","guid":{"rendered":"http:\/\/revistabife.com\/?p=29972"},"modified":"2023-03-07T08:36:59","modified_gmt":"2023-03-07T11:36:59","slug":"el-proximo-viernes-vuelve-el-boxeo-al-club-san-martin","status":"publish","type":"post","link":"https:\/\/revistabife.com\/index.php\/2023\/03\/07\/el-proximo-viernes-vuelve-el-boxeo-al-club-san-martin\/","title":{"rendered":"El pr\u00f3ximo viernes vuelve el boxeo al Club San Mart\u00edn"},"content":{"rendered":"\n<p class=\"has-drop-cap has-medium-font-size\"> El evento, que cuenta con el auspicio del Gobierno provincial, ser\u00e1 televisado por la TV P\u00fablica Pampeana y la pelea de fondo ser\u00e1 protagonizada por el santarrose\u00f1o Mauro Perouene (15-7-1, 8 KO) y el bonaerense Luis Gast\u00f3n Montiel (8-11-0) en la categor\u00eda liviano a 6 rounds.<\/p>\n\n\n\n<p class=\"has-medium-font-size\">El festival marcar\u00e1 el retorno de la actividad al club luego de 28 a\u00f1os: la \u00faltima pelea profesional tuvo lugar el 12 de abril de 1995, cuando Juan Antonio Campo venci\u00f3 por nocaut a Carlos Fr\u00edas.<\/p>\n\n\n\n<p class=\"has-medium-font-size\">El funcionario provincial\u00a0celebr\u00f3 la posibilidad de que el club de Villa Santill\u00e1n, cuyas instalaciones fueron recuperadas y renovadas por socios en el \u00faltimo a\u00f1o, recupere as\u00ed \u201cun cl\u00e1sico: el boxeo y los bailes en San Mart\u00edn son una actividad emblem\u00e1tica para Santa Rosa\u201d.<\/p>\n\n\n\n<p class=\"has-medium-font-size\">Destac\u00f3 tambi\u00e9n el trabajo \u201cmancomunado del Gobierno provincial, el municipal y las instituciones\u201d para generar as\u00ed espacios de participaci\u00f3n \u201cpara los valores locales y los chicos que est\u00e1n iniciando su camino amateur\u201d.<\/p>\n\n\n\n<p class=\"has-medium-font-size\">En este sentido, detall\u00f3 que la intenci\u00f3n de la Subsecretar\u00eda es \u201ccolaborar para que haya un festival por mes. Sabemos que la demanda es enorme y esperamos que este sea el primero de muchos en las distintas localidades\u201d. Enlaz\u00f3 esto con \u201cla pol\u00edtica deportiva\u201d que se aplica en la provincia y que este a\u00f1o tendr\u00e1 un \u201crefuerzo de 750 millones de pesos\u201d a trav\u00e9s del Plan de Obras de Infraestructura para clubes pampeanos que anunci\u00f3 el gobernador Sergio Ziliotto en la apertura de las sesiones ordinarias de C\u00e1mara de Diputados.<\/p>\n\n\n\n<p class=\"has-medium-font-size\">El presidente del club, Gabriel Arias, tambi\u00e9n mostr\u00f3 su emoci\u00f3n por el presente de la instituci\u00f3n y habl\u00f3 en el mismo sentido al decir que tanto la recuperaci\u00f3n como la realizaci\u00f3n de actividades tienen \u201ctanto en el Gobierno Provincial como el Municipal un apoyo que va m\u00e1s all\u00e1 del dinero. Nos sentimos valorados como dirigentes\u201d. Por su parte, el director de Deportes de Santa Rosa, Jos\u00e9 Luis Carluche, se sum\u00f3 a \u201cla alegr\u00eda de recuperar un club que hasta hace poco estaba cerrado. Agradecemos la tarea de los promotores e invitamos al p\u00fablico que sabemos es de un paladar exigente. Y esperemos, por qu\u00e9 no, que en alg\u00fan momento se pueda disputar alg\u00fan t\u00edtulo Argentino\u201d.<\/p>\n\n\n\n<p class=\"has-medium-font-size\">El programa de peleas amateur es el siguiente: Nirvan Llanos (Toay) \u2013 Nicol\u00e1s Pereyra (Santa Rosa); Mateo Palacio (Santa Rosa) \u2013 Richard Medina (San Luis); Ezequiel Quiroga (San Luis) \u2013 Tom\u00e1s Alonso (9 de Julio); Agust\u00edn Posada (Santa Rosa) \u2013 Jos\u00e9 Ledesma (San Luis); Joaqu\u00edn Pinto (Santa Rosa) \u2013 Joaqu\u00edn Veliz (9 de Julio). <\/p>\n","protected":false},"excerpt":{"rendered":"<p>El evento, que cuenta con el auspicio del Gobierno provincial, ser\u00e1 televisado por la TV<\/p>\n","protected":false},"author":1,"featured_media":29973,"comment_status":"closed","ping_status":"open","sticky":false,"template":"","format":"standard","meta":{"om_disable_all_campaigns":false,"_monsterinsights_skip_tracking":false,"_monsterinsights_sitenote_active":false,"_monsterinsights_sitenote_note":"","_monsterinsights_sitenote_category":0,"_uf_show_specific_survey":0,"_uf_disable_surveys":false,"footnotes":""},"categories":[32,1913],"tags":[],"class_list":["post-29972","post","type-post","status-publish","format-standard","has-post-thumbnail","hentry","category-actualidad","category-porvinciales"],"aioseo_notices":[],"_links":{"self":[{"href":"https:\/\/revistabife.com\/index.php\/wp-json\/wp\/v2\/posts\/29972"}],"collection":[{"href":"https:\/\/revistabife.com\/index.php\/wp-json\/wp\/v2\/posts"}],"about":[{"href":"https:\/\/revistabife.com\/index.php\/wp-json\/wp\/v2\/types\/post"}],"author":[{"embeddable":true,"href":"https:\/\/revistabife.com\/index.php\/wp-json\/wp\/v2\/users\/1"}],"replies":[{"embeddable":true,"href":"https:\/\/revistabife.com\/index.php\/wp-json\/wp\/v2\/comments?post=29972"}],"version-history":[{"count":1,"href":"https:\/\/revistabife.com\/index.php\/wp-json\/wp\/v2\/posts\/29972\/revisions"}],"predecessor-version":[{"id":29974,"href":"https:\/\/revistabife.com\/index.php\/wp-json\/wp\/v2\/posts\/29972\/revisions\/29974"}],"wp:featuredmedia":[{"embeddable":true,"href":"https:\/\/revistabife.com\/index.php\/wp-json\/wp\/v2\/media\/29973"}],"wp:attachment":[{"href":"https:\/\/revistabife.com\/index.php\/wp-json\/wp\/v2\/media?parent=29972"}],"wp:term":[{"taxonomy":"category","embeddable":true,"href":"https:\/\/revistabife.com\/index.php\/wp-json\/wp\/v2\/categories?post=29972"},{"taxonomy":"post_tag","embeddable":true,"href":"https:\/\/revistabife.com\/index.php\/wp-json\/wp\/v2\/tags?post=29972"}],"curies":[{"name":"wp","href":"https:\/\/api.w.org\/{rel}","templated":true}]}}