{"id":29969,"date":"2023-03-06T18:24:22","date_gmt":"2023-03-06T21:24:22","guid":{"rendered":"http:\/\/revistabife.com\/?p=29969"},"modified":"2023-03-06T18:24:23","modified_gmt":"2023-03-06T21:24:23","slug":"asumieron-31-directores-as-de-establecimientos-educativos","status":"publish","type":"post","link":"https:\/\/revistabife.com\/index.php\/2023\/03\/06\/asumieron-31-directores-as-de-establecimientos-educativos\/","title":{"rendered":"Asumieron 31 directores\/as de establecimientos educativos"},"content":{"rendered":"\n<p class=\"has-drop-cap has-medium-font-size\">Esta semana se desarroll\u00f3 el acto de toma de posesi\u00f3n de los cargos de directoras y directores en el Sal\u00f3n del Pensamiento de la C\u00e1mara de Diputados de La Pampa, con el acompa\u00f1amiento de familiares y funcionarias del Ministerio de Educaci\u00f3n provincial.Desde la cartera educativa pampeana celebraron la asunci\u00f3n de 28 directoras de Educaci\u00f3n Primaria y 3 directores de Nivel Secundario. <\/p>\n\n\n\n<p class=\"has-medium-font-size\">La acci\u00f3n se enmarca en los Concursos P\u00fablicos de Antecedentes y Oposici\u00f3n para cargos de ascenso en el Sistema Educativo provincial.\u00a0<\/p>\n\n\n\n<p class=\"has-medium-font-size\">La directora General de Educaci\u00f3n Primaria, Mar\u00eda Magdalena Godoy, les dio la bienvenida a esta nueva funci\u00f3n y expres\u00f3 la importancia de la gesti\u00f3n de los directores y directoras, en pos de garantizar el derecho a la educaci\u00f3n, el cuidado de las ni\u00f1as y los ni\u00f1os, como as\u00ed tambi\u00e9n de la inclusi\u00f3n como pol\u00edtica central para acompa\u00f1ar las trayectorias educativas cada uno de ellos y ellas. <\/p>\n\n\n\n<p class=\"has-medium-font-size\">En este sentido, agreg\u00f3 que &#8220;es necesario fortalecer y dar continuidad al trabajo territorial que se viene realizando con los equipos de apoyo a la inclusi\u00f3n y las familias&#8221;. <\/p>\n","protected":false},"excerpt":{"rendered":"<p>Esta semana se desarroll\u00f3 el acto de toma de posesi\u00f3n de los cargos de directoras<\/p>\n","protected":false},"author":1,"featured_media":29970,"comment_status":"closed","ping_status":"open","sticky":false,"template":"","format":"standard","meta":{"om_disable_all_campaigns":false,"_monsterinsights_skip_tracking":false,"_monsterinsights_sitenote_active":false,"_monsterinsights_sitenote_note":"","_monsterinsights_sitenote_category":0,"_uf_show_specific_survey":0,"_uf_disable_surveys":false,"footnotes":""},"categories":[32,1913],"tags":[],"class_list":["post-29969","post","type-post","status-publish","format-standard","has-post-thumbnail","hentry","category-actualidad","category-porvinciales"],"aioseo_notices":[],"_links":{"self":[{"href":"https:\/\/revistabife.com\/index.php\/wp-json\/wp\/v2\/posts\/29969"}],"collection":[{"href":"https:\/\/revistabife.com\/index.php\/wp-json\/wp\/v2\/posts"}],"about":[{"href":"https:\/\/revistabife.com\/index.php\/wp-json\/wp\/v2\/types\/post"}],"author":[{"embeddable":true,"href":"https:\/\/revistabife.com\/index.php\/wp-json\/wp\/v2\/users\/1"}],"replies":[{"embeddable":true,"href":"https:\/\/revistabife.com\/index.php\/wp-json\/wp\/v2\/comments?post=29969"}],"version-history":[{"count":1,"href":"https:\/\/revistabife.com\/index.php\/wp-json\/wp\/v2\/posts\/29969\/revisions"}],"predecessor-version":[{"id":29971,"href":"https:\/\/revistabife.com\/index.php\/wp-json\/wp\/v2\/posts\/29969\/revisions\/29971"}],"wp:featuredmedia":[{"embeddable":true,"href":"https:\/\/revistabife.com\/index.php\/wp-json\/wp\/v2\/media\/29970"}],"wp:attachment":[{"href":"https:\/\/revistabife.com\/index.php\/wp-json\/wp\/v2\/media?parent=29969"}],"wp:term":[{"taxonomy":"category","embeddable":true,"href":"https:\/\/revistabife.com\/index.php\/wp-json\/wp\/v2\/categories?post=29969"},{"taxonomy":"post_tag","embeddable":true,"href":"https:\/\/revistabife.com\/index.php\/wp-json\/wp\/v2\/tags?post=29969"}],"curies":[{"name":"wp","href":"https:\/\/api.w.org\/{rel}","templated":true}]}}