{"id":29965,"date":"2023-03-06T18:13:59","date_gmt":"2023-03-06T21:13:59","guid":{"rendered":"http:\/\/revistabife.com\/?p=29965"},"modified":"2023-03-06T18:16:27","modified_gmt":"2023-03-06T21:16:27","slug":"detuvieron-a-un-joven-en-las-vias-con-marihuana-una-balanzay-45-mil-pesos","status":"publish","type":"post","link":"https:\/\/revistabife.com\/index.php\/2023\/03\/06\/detuvieron-a-un-joven-en-las-vias-con-marihuana-una-balanzay-45-mil-pesos\/","title":{"rendered":"Detuvieron a un joven en las v\u00edas con marihuana, una balanza y 45 mil pesos"},"content":{"rendered":"\n<p class=\"has-drop-cap has-medium-font-size\">En la tarde del domingo la Polic\u00eda Federal detuvo a un joven con bolsitas de marihuana, una balanza y 45 mil pesos en efectivo. Creen que se trata de un &#8220;transa&#8221;.<\/p>\n\n\n\n<p class=\"has-medium-font-size\">La detenci\u00f3n se produjo en el espacio de las v\u00edas, a pasos de la canchita de basket.<\/p>\n\n\n\n<p class=\"has-medium-font-size\">Concretamente, la Polic\u00eda secuestr\u00f3 de las pertenencias del muchacho la suma de 45 mil pesos, varios envoltorios de marihuana y una balanza de precisi\u00f3n<\/p>\n\n\n\n<p class=\"has-medium-font-size\">Fuentes policiales consultadas por \ud835\ude3d\ud835\ude44\ud835\ude41\ud835\ude40 se\u00f1alaron que el joven comercializar\u00eda estupefaciente al menudeo, lo que en la jerga se conoce popularmente como &#8220;transa&#8221;.<\/p>\n\n\n\n<p class=\"has-medium-font-size\">La persona detenida posee antecedentes por robo.\n\n<\/p>\n","protected":false},"excerpt":{"rendered":"<p>En la tarde del domingo la Polic\u00eda Federal detuvo a un joven con bolsitas de<\/p>\n","protected":false},"author":1,"featured_media":29966,"comment_status":"closed","ping_status":"open","sticky":false,"template":"","format":"standard","meta":{"om_disable_all_campaigns":false,"_monsterinsights_skip_tracking":false,"_monsterinsights_sitenote_active":false,"_monsterinsights_sitenote_note":"","_monsterinsights_sitenote_category":0,"_uf_show_specific_survey":0,"_uf_disable_surveys":false,"footnotes":""},"categories":[32,1913],"tags":[],"class_list":["post-29965","post","type-post","status-publish","format-standard","has-post-thumbnail","hentry","category-actualidad","category-porvinciales"],"aioseo_notices":[],"_links":{"self":[{"href":"https:\/\/revistabife.com\/index.php\/wp-json\/wp\/v2\/posts\/29965"}],"collection":[{"href":"https:\/\/revistabife.com\/index.php\/wp-json\/wp\/v2\/posts"}],"about":[{"href":"https:\/\/revistabife.com\/index.php\/wp-json\/wp\/v2\/types\/post"}],"author":[{"embeddable":true,"href":"https:\/\/revistabife.com\/index.php\/wp-json\/wp\/v2\/users\/1"}],"replies":[{"embeddable":true,"href":"https:\/\/revistabife.com\/index.php\/wp-json\/wp\/v2\/comments?post=29965"}],"version-history":[{"count":2,"href":"https:\/\/revistabife.com\/index.php\/wp-json\/wp\/v2\/posts\/29965\/revisions"}],"predecessor-version":[{"id":29968,"href":"https:\/\/revistabife.com\/index.php\/wp-json\/wp\/v2\/posts\/29965\/revisions\/29968"}],"wp:featuredmedia":[{"embeddable":true,"href":"https:\/\/revistabife.com\/index.php\/wp-json\/wp\/v2\/media\/29966"}],"wp:attachment":[{"href":"https:\/\/revistabife.com\/index.php\/wp-json\/wp\/v2\/media?parent=29965"}],"wp:term":[{"taxonomy":"category","embeddable":true,"href":"https:\/\/revistabife.com\/index.php\/wp-json\/wp\/v2\/categories?post=29965"},{"taxonomy":"post_tag","embeddable":true,"href":"https:\/\/revistabife.com\/index.php\/wp-json\/wp\/v2\/tags?post=29965"}],"curies":[{"name":"wp","href":"https:\/\/api.w.org\/{rel}","templated":true}]}}