{"id":29962,"date":"2023-03-06T18:04:43","date_gmt":"2023-03-06T21:04:43","guid":{"rendered":"http:\/\/revistabife.com\/?p=29962"},"modified":"2023-03-06T18:04:44","modified_gmt":"2023-03-06T21:04:44","slug":"santa-rosa-un-hombre-fue-brutalmente-golpeado-y-se-encuentra-en-terapia-intensiva","status":"publish","type":"post","link":"https:\/\/revistabife.com\/index.php\/2023\/03\/06\/santa-rosa-un-hombre-fue-brutalmente-golpeado-y-se-encuentra-en-terapia-intensiva\/","title":{"rendered":"Santa Rosa: Un hombre fue brutalmente golpeado y se encuentra en terapia intensiva"},"content":{"rendered":"\n<p class=\"has-drop-cap has-medium-font-size\">La madrugada del lunes se ti\u00f1\u00f3 de rojo sangre en la zona norte de la ciudad. Un hombre de 36 a\u00f1os est\u00e1 internado en terapia intensiva como consecuencia de una brutal golpiza. Ya hay dos detenidos.<\/p>\n\n\n\n<p class=\"has-medium-font-size\">El hecho ocurri\u00f3 alrededor de las 2:30 horas de la madrugada. &#8220;La presencia surgi\u00f3 por un llamado al CECOM&#8230;por una persona tirada en el piso en la esquina de Santiago del Espero y Asunci\u00f3n del Paraguay&#8221;, cont\u00f3 un uniformado de esa dependencia policial.<\/p>\n\n\n\n<p class=\"has-medium-font-size\">El mismo hombre agredido cont\u00f3 que hab\u00eda sido v\u00edctima de una golpiza, motivo por el cual los polic\u00edas llamaron a una ambulancia que lo traslad\u00f3 al Hospital Molas.<\/p>\n\n\n\n<p class=\"has-medium-font-size\">All\u00ed se determin\u00f3 que ten\u00eda una contusi\u00f3n pulmonar y varios politraumatismos, motivo por el cual qued\u00f3 internado en la UTI 3 para realizarle varios estudios m\u00e1s.<\/p>\n\n\n\n<p class=\"has-medium-font-size\">Fuentes policiales se\u00f1alaron que &#8220;aparentemente el agredido habr\u00eda ido a una vivienda ubicada en Santiago del Estero al 1300 en b\u00fasqueda de su pareja. Al no encontrarla se enoj\u00f3 y se inici\u00f3 una ri\u00f1a&#8221;.<\/p>\n\n\n\n<p class=\"has-medium-font-size\">La Polic\u00eda detuvo a dos personas tras un allanamiento en la casa donde la v\u00edctima fue golpeado. Los detenidos tienen 33 a\u00f1os y 22 a\u00f1os.\n\n<\/p>\n","protected":false},"excerpt":{"rendered":"<p>La madrugada del lunes se ti\u00f1\u00f3 de rojo sangre en la zona norte de la<\/p>\n","protected":false},"author":1,"featured_media":29963,"comment_status":"closed","ping_status":"open","sticky":false,"template":"","format":"standard","meta":{"om_disable_all_campaigns":false,"_monsterinsights_skip_tracking":false,"_monsterinsights_sitenote_active":false,"_monsterinsights_sitenote_note":"","_monsterinsights_sitenote_category":0,"_uf_show_specific_survey":0,"_uf_disable_surveys":false,"footnotes":""},"categories":[32,1913],"tags":[],"class_list":["post-29962","post","type-post","status-publish","format-standard","has-post-thumbnail","hentry","category-actualidad","category-porvinciales"],"aioseo_notices":[],"_links":{"self":[{"href":"https:\/\/revistabife.com\/index.php\/wp-json\/wp\/v2\/posts\/29962"}],"collection":[{"href":"https:\/\/revistabife.com\/index.php\/wp-json\/wp\/v2\/posts"}],"about":[{"href":"https:\/\/revistabife.com\/index.php\/wp-json\/wp\/v2\/types\/post"}],"author":[{"embeddable":true,"href":"https:\/\/revistabife.com\/index.php\/wp-json\/wp\/v2\/users\/1"}],"replies":[{"embeddable":true,"href":"https:\/\/revistabife.com\/index.php\/wp-json\/wp\/v2\/comments?post=29962"}],"version-history":[{"count":1,"href":"https:\/\/revistabife.com\/index.php\/wp-json\/wp\/v2\/posts\/29962\/revisions"}],"predecessor-version":[{"id":29964,"href":"https:\/\/revistabife.com\/index.php\/wp-json\/wp\/v2\/posts\/29962\/revisions\/29964"}],"wp:featuredmedia":[{"embeddable":true,"href":"https:\/\/revistabife.com\/index.php\/wp-json\/wp\/v2\/media\/29963"}],"wp:attachment":[{"href":"https:\/\/revistabife.com\/index.php\/wp-json\/wp\/v2\/media?parent=29962"}],"wp:term":[{"taxonomy":"category","embeddable":true,"href":"https:\/\/revistabife.com\/index.php\/wp-json\/wp\/v2\/categories?post=29962"},{"taxonomy":"post_tag","embeddable":true,"href":"https:\/\/revistabife.com\/index.php\/wp-json\/wp\/v2\/tags?post=29962"}],"curies":[{"name":"wp","href":"https:\/\/api.w.org\/{rel}","templated":true}]}}