{"id":29959,"date":"2023-03-06T08:19:42","date_gmt":"2023-03-06T11:19:42","guid":{"rendered":"http:\/\/revistabife.com\/?p=29959"},"modified":"2023-03-06T08:19:43","modified_gmt":"2023-03-06T11:19:43","slug":"gobierno-prepara-el-lanzamiento-del-programa-de-inversiones-casa-de-piedra-2023-2028","status":"publish","type":"post","link":"https:\/\/revistabife.com\/index.php\/2023\/03\/06\/gobierno-prepara-el-lanzamiento-del-programa-de-inversiones-casa-de-piedra-2023-2028\/","title":{"rendered":"Gobierno prepara el lanzamiento del &#8220;Programa de Inversiones Casa de Piedra 2023-2028&#8221;"},"content":{"rendered":"\n<p class=\"has-drop-cap has-medium-font-size\">Con fuerte expectativa entre el empresariado y los productores, el gobierno de Sergio Ziliotto prepara para el 31 de marzo pr\u00f3ximo el anuncio de un paquete de medidas de alto impacto para el desarrollo integral del Polo Productivo Casa de Piedra, que incluye una planificaci\u00f3n para desarrollar 1500 hect\u00e1reas bajo riego en los pr\u00f3ximos 5 a\u00f1os y un completo andamiaje de beneficios para la radicaci\u00f3n de inversiones con herramientas financieras y crediticias, subsidios al empleo, facilidades para la compra de tierras y un conjunto integral de alicientes que potenciar\u00e1n esta zona productiva de la Provincia. \u00a0<\/p>\n\n\n\n<p class=\"has-medium-font-size\">\u201cPriorizaremos proyectos con valor agregado en origen, que podr\u00e1n acceder a un conjunto de incentivos integrados de largo plazo y con per\u00edodos de gracia en consonancia con etapas de desarrollo de las plantaciones o de mayor riesgo, previas a la efectiva producci\u00f3n\u201d, anticip\u00f3 el gobernador Sergio Ziliotto durante su discurso de apertura de la Asamblea Legislativa, d\u00edas atr\u00e1s.<\/p>\n\n\n\n<p class=\"has-medium-font-size\">El paquete de anuncios se denomina \u201cPrograma de Promoci\u00f3n de Inversiones Casa de Piedra 2023-2028\u201d y suma instrumentos y est\u00edmulos a los ya disponibles. La convocatoria para Casa de Piedra es parte del trabajo serio con planificaci\u00f3n a largo plazo para desarrollar 1500 hect\u00e1reas bajo riego en los pr\u00f3ximos 5 a\u00f1os en proceso de vinculaci\u00f3n p\u00fablico-privado para generar nuevas oportunidades en este enclave productivo.<\/p>\n\n\n\n<p class=\"has-medium-font-size\">Las medidas ser\u00e1n presentadas por el propio Gobernador ante inversores, empresarios y productores, durante una misi\u00f3n de inversores que visitar\u00e1 Casa de Piedra en el transcurso de la Vendimia pampeana, coordinada por la Agencia I-COMEX La Pampa de Inversiones y Comercio Exterior y con instrumentos espec\u00edficos dise\u00f1ados por los Ministerios de la Producci\u00f3n, de Hacienda y Finanzas, de Obras y Servicios P\u00fablicos, la Secretar\u00eda de Trabajo y Promoci\u00f3n del Empleo, el Banco de La Pampa y el FoGaPam.<br>Entre los \u00edtems se incluyen m\u00e1s facilidades para compra de tierras con disponibilidad de agua para riego, cr\u00e9ditos con fuerte subsidio de tasas, asignaciones econ\u00f3micas por cada nuevo empleo generado, incentivos fiscales que neutralizan la carga impositiva por hasta 10 a\u00f1os, garant\u00edas del FoGaPam de hasta 65 millones de pesos a valores actuales, costo del agua subsidiado durante el per\u00edodo de maduraci\u00f3n de la plantaci\u00f3n, la construcci\u00f3n de viviendas para la radicaci\u00f3n de trabajadoras y trabajadores y la disponibilidad de terrenos con infraestructura para viviendas del personal. Esta nueva herramienta de pol\u00edtica productiva se complementa con capacitaciones, soporte t\u00e9cnico y gestiones de comercio exterior.<\/p>\n\n\n\n<p class=\"has-medium-font-size\">Objetivos<br>El \u201cPrograma de Promoci\u00f3n de Inversiones Casa de Piedra 2023-2028\u201d se operativizar\u00e1 a trav\u00e9s de una primera convocatoria a un concurso de proyectos de inversi\u00f3n privados y tiene el objetivo de impulsar el desarrollo de la zona productiva de Casa de Piedra priorizando, en esta convocatoria, las producciones de alto valor agregado por hect\u00e1rea como son los frutos secos y la vid y que contemplen una fase industrial de procesamiento en origen. \u201cLa estabilidad de nuestra econom\u00eda y el trabajo serio a largo plazo nos permite poner este potente conjunto de herramientas a disposici\u00f3n del sector privado para contribuir al desarrollo con equilibrio territorial y agregado de valor en origen generando nuevas oportunidades de empleo genuino para las y los pampeanas y pampeanos haciendo un uso sostenible y eficiente de un recurso tan valioso como el agua\u201d coment\u00f3 a la Agencia Provincial de Noticias el director ejecutivo de la Agencia I-COMEX La Pampa, Sebasti\u00e1n Lastiri.<br>Esta primera convocatoria consiste en la selecci\u00f3n de los mejores proyectos de inversi\u00f3n, seg\u00fan criterios de priorizaci\u00f3n, para la radicaci\u00f3n de inversiones en 456 hect\u00e1reas que se pondr\u00e1n a la venta en la zona bajo riego de Casa de Piedra. Se priorizar\u00e1n proyectos que (adem\u00e1s de ser viables t\u00e9cnica, econ\u00f3mica y ambientalmente): incorporen la fase industrial de agregado de valor en origen; est\u00e9n orientados a la exportaci\u00f3n; incorporen tecnolog\u00eda de procesos; cuiden el ambiente y hagan un uso eficiente del recurso h\u00eddrico; tengan impacto demogr\u00e1fico y provengan de empresas pampeanas.<br><br><strong>Facilidad para compra de tierras<\/strong><br>Se lanzar\u00e1 esta primera convocatoria para la venta de 9 parcelas por un total de 456 hect\u00e1reas. Se establecer\u00e1 un valor promocional para proyectos que incorporen una fase industrial a su producci\u00f3n primaria y programa de pagos extendido.<br><br><strong>Cr\u00e9dito para el desarrollo del \u00e1rea bajo riego Casa de Piedra<\/strong><br>Los sectores priorizados para esta iniciativa son los de frutos secos y vid en su fase primaria e industrial. Las iniciativas contar\u00e1n con hasta el 80% del proyecto a financiar. Con un m\u00e1ximo $ 200.000.000 por operaci\u00f3n y un plazo m\u00e1ximo total de 7 a\u00f1os con hasta 2 de gracia.<br><br><strong>Programa de fortalecimiento del trabajo pampeano Casa de Piedra 2023<\/strong><br>Para empresas y trabajadores que se instalen en Casa de Piedra, habr\u00e1 una asignaci\u00f3n econ\u00f3mica mensual especial por cada nuevo trabajador contratado por tiempo indeterminado y que viva o se radique en la Villa.<br><br><strong>Incentivos fiscales<\/strong><br>Se neutralizar\u00e1n de cargas fiscales de todos los impuestos provinciales a trav\u00e9s del otorgamiento de cr\u00e9ditos fiscales en funci\u00f3n de las remuneraciones totales abonadas a los trabajadores en Casa de Piedra por un plazo m\u00e1ximo de 10 a\u00f1os.<br><br><strong>Garant\u00edas<\/strong><br>La Provincia pondr\u00e1 a disposici\u00f3n de los inversores en Casa de Piedra el Fondo de Garant\u00edas Pampeanas (FoGaPam) para facilitar su acceso a los cr\u00e9ditos. De este modo, el inversor en Casa de Piedra podr\u00e1 contar con una garant\u00eda para acceder al cr\u00e9dito por un monto m\u00e1ximo de $ 65 millones.<br><br><strong>Costo del agua subsidiado por 5 a\u00f1os<\/strong><br>Durante el per\u00edodo de maduraci\u00f3n de la plantaci\u00f3n (hasta 5 a\u00f1os) se subsidiar\u00e1 el costo de provisi\u00f3n de agua.<br><br><strong>Disponibilidad de viviendas para operarios<\/strong><br>El Gobierno de La Pampa construir\u00e1 viviendas en Casa de Piedra para futuros trabajadores y tambi\u00e9n se pondr\u00e1n a disposici\u00f3n terrenos con servicios para la venta.<br><br><strong>Apoyo en gestiones, capacitaci\u00f3n laboral y en comercio exterior<\/strong><br>Se brindar\u00e1 soporte t\u00e9cnico, capacitaciones y apoyo en gestiones espec\u00edficas por parte de los equipos de las distintas \u00e1reas de Gobierno.<br><br>Para consultas: ingresa a&nbsp;<a href=\"http:\/\/www.icomexlapampa.org.ar\/\">www.icomexlapampa.org.ar<\/a>; por wpp: +54 2954 575326 o escrib\u00ed a:&nbsp;<a href=\"mailto:contacto@icomexlapampa.org\">contacto@icomexlapampa.org<\/a>.<br><br><\/p>\n","protected":false},"excerpt":{"rendered":"<p>Con fuerte expectativa entre el empresariado y los productores, el gobierno de Sergio Ziliotto prepara<\/p>\n","protected":false},"author":1,"featured_media":29960,"comment_status":"closed","ping_status":"open","sticky":false,"template":"","format":"standard","meta":{"om_disable_all_campaigns":false,"_monsterinsights_skip_tracking":false,"_monsterinsights_sitenote_active":false,"_monsterinsights_sitenote_note":"","_monsterinsights_sitenote_category":0,"_uf_show_specific_survey":0,"_uf_disable_surveys":false,"footnotes":""},"categories":[32,1913],"tags":[],"class_list":["post-29959","post","type-post","status-publish","format-standard","has-post-thumbnail","hentry","category-actualidad","category-porvinciales"],"aioseo_notices":[],"_links":{"self":[{"href":"https:\/\/revistabife.com\/index.php\/wp-json\/wp\/v2\/posts\/29959"}],"collection":[{"href":"https:\/\/revistabife.com\/index.php\/wp-json\/wp\/v2\/posts"}],"about":[{"href":"https:\/\/revistabife.com\/index.php\/wp-json\/wp\/v2\/types\/post"}],"author":[{"embeddable":true,"href":"https:\/\/revistabife.com\/index.php\/wp-json\/wp\/v2\/users\/1"}],"replies":[{"embeddable":true,"href":"https:\/\/revistabife.com\/index.php\/wp-json\/wp\/v2\/comments?post=29959"}],"version-history":[{"count":1,"href":"https:\/\/revistabife.com\/index.php\/wp-json\/wp\/v2\/posts\/29959\/revisions"}],"predecessor-version":[{"id":29961,"href":"https:\/\/revistabife.com\/index.php\/wp-json\/wp\/v2\/posts\/29959\/revisions\/29961"}],"wp:featuredmedia":[{"embeddable":true,"href":"https:\/\/revistabife.com\/index.php\/wp-json\/wp\/v2\/media\/29960"}],"wp:attachment":[{"href":"https:\/\/revistabife.com\/index.php\/wp-json\/wp\/v2\/media?parent=29959"}],"wp:term":[{"taxonomy":"category","embeddable":true,"href":"https:\/\/revistabife.com\/index.php\/wp-json\/wp\/v2\/categories?post=29959"},{"taxonomy":"post_tag","embeddable":true,"href":"https:\/\/revistabife.com\/index.php\/wp-json\/wp\/v2\/tags?post=29959"}],"curies":[{"name":"wp","href":"https:\/\/api.w.org\/{rel}","templated":true}]}}