{"id":29955,"date":"2023-03-05T13:11:35","date_gmt":"2023-03-05T16:11:35","guid":{"rendered":"http:\/\/revistabife.com\/?p=29955"},"modified":"2023-03-05T13:11:36","modified_gmt":"2023-03-05T16:11:36","slug":"utelpa-pide-suspender-las-clases-por-la-ola-de-calor","status":"publish","type":"post","link":"https:\/\/revistabife.com\/index.php\/2023\/03\/05\/utelpa-pide-suspender-las-clases-por-la-ola-de-calor\/","title":{"rendered":"UTELPA pide suspender las clases por la ola de calor"},"content":{"rendered":"\n<p class=\"has-drop-cap has-medium-font-size\">\n\n&#8220;Si no est\u00e1n dadas las condiciones seguras se tienen que suspender las clases&#8221;, manifest\u00f3 la Agrupaci\u00f3n oficialista del gremio docente en las \u00faltimas horas.<\/p>\n\n\n\n<p class=\"has-medium-font-size\">Debido a la intensa ola de calor que afecta a nuestra provincia, desde UTELPA se\u00f1alaron que &#8220;si no hay definici\u00f3n del gobierno vamos a respaldar a las instituciones y equipos docentes que fundadamente tomen esta decisi\u00f3n&#8221; de suspender las clases.<\/p>\n\n\n\n<p class=\"has-medium-font-size\">Por otro lado, el ministro de Educaci\u00f3n Pablo Maccione dijo que la situaci\u00f3n de las altas temperaturas se analiza &#8220;d\u00eda a d\u00eda&#8221; de manera articulada con las coordinaciones de \u00e1rea y tambi\u00e9n en la Comisi\u00f3n de Seguridad e Higiene, en la que participan gremios docentes.<\/p>\n\n\n\n<p class=\"has-medium-font-size\">En la primera semana del ciclo lectivo 2023 la ola de calor no dio tregua y super\u00f3 los 35 grados\n\n<\/p>\n","protected":false},"excerpt":{"rendered":"<p>&#8220;Si no est\u00e1n dadas las condiciones seguras se tienen que suspender las clases&#8221;, manifest\u00f3 la<\/p>\n","protected":false},"author":1,"featured_media":29956,"comment_status":"closed","ping_status":"open","sticky":false,"template":"","format":"standard","meta":{"om_disable_all_campaigns":false,"_monsterinsights_skip_tracking":false,"_monsterinsights_sitenote_active":false,"_monsterinsights_sitenote_note":"","_monsterinsights_sitenote_category":0,"_uf_show_specific_survey":0,"_uf_disable_surveys":false,"footnotes":""},"categories":[32,1913],"tags":[],"class_list":["post-29955","post","type-post","status-publish","format-standard","has-post-thumbnail","hentry","category-actualidad","category-porvinciales"],"aioseo_notices":[],"_links":{"self":[{"href":"https:\/\/revistabife.com\/index.php\/wp-json\/wp\/v2\/posts\/29955"}],"collection":[{"href":"https:\/\/revistabife.com\/index.php\/wp-json\/wp\/v2\/posts"}],"about":[{"href":"https:\/\/revistabife.com\/index.php\/wp-json\/wp\/v2\/types\/post"}],"author":[{"embeddable":true,"href":"https:\/\/revistabife.com\/index.php\/wp-json\/wp\/v2\/users\/1"}],"replies":[{"embeddable":true,"href":"https:\/\/revistabife.com\/index.php\/wp-json\/wp\/v2\/comments?post=29955"}],"version-history":[{"count":1,"href":"https:\/\/revistabife.com\/index.php\/wp-json\/wp\/v2\/posts\/29955\/revisions"}],"predecessor-version":[{"id":29957,"href":"https:\/\/revistabife.com\/index.php\/wp-json\/wp\/v2\/posts\/29955\/revisions\/29957"}],"wp:featuredmedia":[{"embeddable":true,"href":"https:\/\/revistabife.com\/index.php\/wp-json\/wp\/v2\/media\/29956"}],"wp:attachment":[{"href":"https:\/\/revistabife.com\/index.php\/wp-json\/wp\/v2\/media?parent=29955"}],"wp:term":[{"taxonomy":"category","embeddable":true,"href":"https:\/\/revistabife.com\/index.php\/wp-json\/wp\/v2\/categories?post=29955"},{"taxonomy":"post_tag","embeddable":true,"href":"https:\/\/revistabife.com\/index.php\/wp-json\/wp\/v2\/tags?post=29955"}],"curies":[{"name":"wp","href":"https:\/\/api.w.org\/{rel}","templated":true}]}}