{"id":29940,"date":"2023-03-02T17:40:42","date_gmt":"2023-03-02T20:40:42","guid":{"rendered":"http:\/\/revistabife.com\/?p=29940"},"modified":"2023-03-02T17:40:43","modified_gmt":"2023-03-02T20:40:43","slug":"diez-familias-recibieron-sus-viviendas-en-realico","status":"publish","type":"post","link":"https:\/\/revistabife.com\/index.php\/2023\/03\/02\/diez-familias-recibieron-sus-viviendas-en-realico\/","title":{"rendered":"Diez familias recibieron sus viviendas en Realic\u00f3"},"content":{"rendered":"\n<p class=\"has-drop-cap has-medium-font-size\">En el marco del 116\u00b0 aniversario de Realic\u00f3 autoridades provinciales entregaron 10 viviendas construidas a trav\u00e9s del Plan Provincial \u201cMi Casa 1\u201d a familias de la localidad.La ceremonia estuvo encabezada por el ministro de Gobierno, Justicia y Derechos Humanos, Ariel Rauschenberger, junto a la intendenta local, Viviana Bongiovanni, y el presidente del Instituto Provincial de la Vivienda (IPAV), Jorge Lezcano. <\/p>\n\n\n\n<p class=\"has-medium-font-size\">Tambi\u00e9n estuvieron presentes el senador nacional Daniel Bensus\u00e1n; el secretario de Asuntos Municipales, Rogelio Schanton; la secretaria de Cultura, Adriana Maggio; el diputado provincial Facundo Sola y la gerenta del IPAV, Romina Montes de Oca.<\/p>\n\n\n\n<p class=\"has-medium-font-size\">En nombre del Gobierno provincial, Lezcano acerc\u00f3 los saludos del Gobernador Ziliotto por \u201ceste nuevo aniversario de esta querida y pujante localidad\u201d. Record\u00f3 el compromiso del mandatario pampeano con la pol\u00edtica habitacional. &#8220;Hoy venimos a rendir cuentas con hechos y a mostrar que la palabra se cumple\u201d.<\/p>\n\n\n\n<p class=\"has-medium-font-size\">Reiter\u00f3 palabras de Ziliotto, quien siempre asegura que \u201cvivienda que se termina, otra que se comienza\u201d y agreg\u00f3 que \u201cpor eso no nos detenemos: ya tenemos para entregar aqu\u00ed 79 lotes y otras 25 para comenzar. Adem\u00e1s, ya hicimos las obras de infraestructura para llevar adelante el Programa nacional \u201cCasa Propia\u201d y prontamente la intendenta firmar\u00e1 el convenio para otras tantas unidades habitacionales m\u00e1s. Este es el compromiso que asumi\u00f3 Ziliotto y hoy venimos a entregar viviendas, a rendir cuentas, y qu\u00e9 mejor que hacerlo con hechos\u201d.<\/p>\n\n\n\n<p class=\"has-medium-font-size\">Remarc\u00f3 que \u201ccuando hay elecciones y siempre en el marco democr\u00e1tico, debemos valorar cuando el Municipio, la Provincia y la Naci\u00f3n est\u00e1n alineados en la misma pol\u00edtica que necesita la poblaci\u00f3n. Tenemos que pensar muy bien y saber qui\u00e9n cuida al pueblo, qui\u00e9n tiene pol\u00edticas de inclusi\u00f3n y qui\u00e9n busca equidad. La vivienda social es un circuito que debemos proteger cuando elegimos pol\u00edticamente. Tambi\u00e9n debemos hacernos cargo entre todos. El Estado debe cumplir, pero quien la recibe debe aportar a ese circuito habitando la casa y cumpliendo con la cuota para que otros y otras puedan acceder a la vivienda. Porque el recupero nos permite nuevos planes. Felicitaciones y a disfrutar con responsabilidad de cada unas de sus casas\u201d, finaliz\u00f3.<\/p>\n\n\n\n<p class=\"has-medium-font-size\"><strong>Intendenta<\/strong><br>Viviana Bongiovanni, intendenta de Realic\u00f3, en el inicio de sus palabras agradeci\u00f3 al Gobernador Ziliotto, a las autoridades del IPAV y a todas las personas presentes, \u201choy Realic\u00f3 cumple 116 a\u00f1os y lo festeja con esta entrega de viviendas. Cuesta expresarse en este momento tan especial. Hoy las pol\u00edticas p\u00fablicas abrazan al pueblo con un Estado presente. No es todo lo mismo, no todas las gestiones han construido, no todos los gobiernos son inclusivos. No solo son ladrillos: es movimiento econ\u00f3mico, es trabajo local y el esfuerzo de realiquenses\u201d.<\/p>\n\n\n\n<p class=\"has-medium-font-size\">\u201cSiento una gran satisfacci\u00f3n junto a todo mi equipo de trabajo. No alcanzan las palabras para describir la alegr\u00eda de este momento. La entrega de viviendas nos genera mucha emoci\u00f3n. No es f\u00e1cil llegar a este momento de la llave en mano. Hoy se abren nuevas puertas. Los hechos hablan por s\u00ed mismos y hoy son las obras. Porque seguimos generando oportunidades y siendo el nexo para que las familias se proyecten\u201d.<\/p>\n\n\n\n<p class=\"has-medium-font-size\">Agradeci\u00f3 a todos los que \u201ctrabajaron en las viviendas\u201d y destac\u00f3 el \u201caporte de los alumnos del Centro Profesional N\u00b0 11 quienes realizaron las instalaciones el\u00e9ctricas de las viviendas. Y al Gobernador y al IPAV por sus pol\u00edticas p\u00fablicas en materia habitacional. Gracias a ello licitaremos 25 viviendas m\u00e1s del Mi Casa para dar respuesta a personas que tienen la necesidad. Felicitaciones a todas las familias y disfruten de sus viviendas\u201d.<\/p>\n\n\n\n<p class=\"has-medium-font-size\"><strong>Adjudicatario<\/strong><br>Diego Mart\u00edn fue el encargado de hablar en nombre las familias adjudicatarias, \u201cestoy orgulloso de representar a las familias y a los ni\u00f1os. Son una gran cantidad de emociones a punto de florecer. Hoy se cumplen nuestros sue\u00f1os a trav\u00e9s de paredes nuevas que ser\u00e1n refugio de nuestros ni\u00f1os y un techo en donde ser\u00e1 el final del d\u00eda de nuestras familias en lo m\u00e1s lindo que es la uni\u00f3n. Tenemos un techo. Hoy es el festejo de nosotros. A partir de hoy ser\u00e1 nuestro hogar en donde reunirnos y festejar, nos merecemos este lugar por nuestros ni\u00f1os\u201d, finaliz\u00f3\n\n<\/p>\n","protected":false},"excerpt":{"rendered":"<p>En el marco del 116\u00b0 aniversario de Realic\u00f3 autoridades provinciales entregaron 10 viviendas construidas a<\/p>\n","protected":false},"author":1,"featured_media":29941,"comment_status":"closed","ping_status":"open","sticky":false,"template":"","format":"standard","meta":{"om_disable_all_campaigns":false,"_monsterinsights_skip_tracking":false,"_monsterinsights_sitenote_active":false,"_monsterinsights_sitenote_note":"","_monsterinsights_sitenote_category":0,"_uf_show_specific_survey":0,"_uf_disable_surveys":false,"footnotes":""},"categories":[32,1913],"tags":[],"class_list":["post-29940","post","type-post","status-publish","format-standard","has-post-thumbnail","hentry","category-actualidad","category-porvinciales"],"aioseo_notices":[],"_links":{"self":[{"href":"https:\/\/revistabife.com\/index.php\/wp-json\/wp\/v2\/posts\/29940"}],"collection":[{"href":"https:\/\/revistabife.com\/index.php\/wp-json\/wp\/v2\/posts"}],"about":[{"href":"https:\/\/revistabife.com\/index.php\/wp-json\/wp\/v2\/types\/post"}],"author":[{"embeddable":true,"href":"https:\/\/revistabife.com\/index.php\/wp-json\/wp\/v2\/users\/1"}],"replies":[{"embeddable":true,"href":"https:\/\/revistabife.com\/index.php\/wp-json\/wp\/v2\/comments?post=29940"}],"version-history":[{"count":1,"href":"https:\/\/revistabife.com\/index.php\/wp-json\/wp\/v2\/posts\/29940\/revisions"}],"predecessor-version":[{"id":29942,"href":"https:\/\/revistabife.com\/index.php\/wp-json\/wp\/v2\/posts\/29940\/revisions\/29942"}],"wp:featuredmedia":[{"embeddable":true,"href":"https:\/\/revistabife.com\/index.php\/wp-json\/wp\/v2\/media\/29941"}],"wp:attachment":[{"href":"https:\/\/revistabife.com\/index.php\/wp-json\/wp\/v2\/media?parent=29940"}],"wp:term":[{"taxonomy":"category","embeddable":true,"href":"https:\/\/revistabife.com\/index.php\/wp-json\/wp\/v2\/categories?post=29940"},{"taxonomy":"post_tag","embeddable":true,"href":"https:\/\/revistabife.com\/index.php\/wp-json\/wp\/v2\/tags?post=29940"}],"curies":[{"name":"wp","href":"https:\/\/api.w.org\/{rel}","templated":true}]}}