{"id":29935,"date":"2023-03-02T10:17:42","date_gmt":"2023-03-02T13:17:42","guid":{"rendered":"http:\/\/revistabife.com\/?p=29935"},"modified":"2023-03-02T10:22:18","modified_gmt":"2023-03-02T13:22:18","slug":"estudiantes-se-quejan-por-el-pr","status":"publish","type":"post","link":"https:\/\/revistabife.com\/index.php\/2023\/03\/02\/estudiantes-se-quejan-por-el-pr\/","title":{"rendered":"Estudiantes se quejan por el precio del ticket del comedor de la UNLPam: &#8220;Aument\u00f3 un 80% en dos meses&#8221;, advierten"},"content":{"rendered":"\n<p class=\"has-drop-cap has-medium-font-size\">Este lunes 1 de marzo retorn\u00f3 la venta de tickets del comedor de la UNLPam y el precio del mismo sorprendi\u00f3 a alumnos y alumnas, ya que el incremento que sufri\u00f3 de diciembre a marzo es del 80%. Agrupaciones estudiantiles alertaron sobre este nuevo importe establecido.<\/p>\n\n\n\n<p class=\"has-medium-font-size\">\u201cEste precio no contempla la situaci\u00f3n de los estudiantes\u201d, advirti\u00f3 en di\u00e1logo con \ud835\ude3d\ud835\ude44\ud835\ude41\ud835\ude40 Sof\u00eda, alumna de la UNLPam e integrante de la Agrupaci\u00f3n CEPA (Corriente Estudiantil Anitimperialista).<\/p>\n\n\n\n<p class=\"has-medium-font-size\">\u201cHasta el mes de diciembre el valor de la vianda era de 250 pesos, el cual se mantuvo durante todo 2022, pero ac\u00e1 no hubo un aumento paulatino. Ahora vale $450\u201d, enfatiz\u00f3 la estudiante.<\/p>\n\n\n\n<p class=\"has-medium-font-size\">Por otro lado, cont\u00f3 que el Consejo Superior hab\u00eda aprobado la entrega de bolsones como complemento de viandas pero que esa medida a\u00fan no se hizo efectiva. \u201cNo se implement\u00f3 algo que fue votado\u201d, dijo Sof\u00eda. Y a\u00f1adi\u00f3: \u201cCuando pedimos una respuesta nos dicen que es por falta de presupuesto\u201d.<\/p>\n\n\n\n<p class=\"has-medium-font-size\">Otro de los reclamos de un sector estudiantil respecto al comedor universitario es el de los cupos.<\/p>\n\n\n\n<p class=\"has-medium-font-size\">\u201cLos becarios son alrededor de 300 y otros tantos los alumnos que compran sus tickets de manera semanal y mensual, y a veces el cupo de 600 viandas no alcanza. Eso se tiene que incrementar&#8221;, concluy\u00f3 la representante de CEPA.\n\n<\/p>\n","protected":false},"excerpt":{"rendered":"<p>Este lunes 1 de marzo retorn\u00f3 la venta de tickets del comedor de la UNLPam<\/p>\n","protected":false},"author":1,"featured_media":29932,"comment_status":"closed","ping_status":"open","sticky":false,"template":"","format":"standard","meta":{"om_disable_all_campaigns":false,"_monsterinsights_skip_tracking":false,"_monsterinsights_sitenote_active":false,"_monsterinsights_sitenote_note":"","_monsterinsights_sitenote_category":0,"_uf_show_specific_survey":0,"_uf_disable_surveys":false,"footnotes":""},"categories":[32,1913],"tags":[],"class_list":["post-29935","post","type-post","status-publish","format-standard","has-post-thumbnail","hentry","category-actualidad","category-porvinciales"],"aioseo_notices":[],"_links":{"self":[{"href":"https:\/\/revistabife.com\/index.php\/wp-json\/wp\/v2\/posts\/29935"}],"collection":[{"href":"https:\/\/revistabife.com\/index.php\/wp-json\/wp\/v2\/posts"}],"about":[{"href":"https:\/\/revistabife.com\/index.php\/wp-json\/wp\/v2\/types\/post"}],"author":[{"embeddable":true,"href":"https:\/\/revistabife.com\/index.php\/wp-json\/wp\/v2\/users\/1"}],"replies":[{"embeddable":true,"href":"https:\/\/revistabife.com\/index.php\/wp-json\/wp\/v2\/comments?post=29935"}],"version-history":[{"count":2,"href":"https:\/\/revistabife.com\/index.php\/wp-json\/wp\/v2\/posts\/29935\/revisions"}],"predecessor-version":[{"id":29938,"href":"https:\/\/revistabife.com\/index.php\/wp-json\/wp\/v2\/posts\/29935\/revisions\/29938"}],"wp:featuredmedia":[{"embeddable":true,"href":"https:\/\/revistabife.com\/index.php\/wp-json\/wp\/v2\/media\/29932"}],"wp:attachment":[{"href":"https:\/\/revistabife.com\/index.php\/wp-json\/wp\/v2\/media?parent=29935"}],"wp:term":[{"taxonomy":"category","embeddable":true,"href":"https:\/\/revistabife.com\/index.php\/wp-json\/wp\/v2\/categories?post=29935"},{"taxonomy":"post_tag","embeddable":true,"href":"https:\/\/revistabife.com\/index.php\/wp-json\/wp\/v2\/tags?post=29935"}],"curies":[{"name":"wp","href":"https:\/\/api.w.org\/{rel}","templated":true}]}}