{"id":29931,"date":"2023-03-02T09:16:20","date_gmt":"2023-03-02T12:16:20","guid":{"rendered":"http:\/\/revistabife.com\/?p=29931"},"modified":"2023-03-02T09:16:21","modified_gmt":"2023-03-02T12:16:21","slug":"anuncian-que-el-mercado-municipal-se-traslada-al-molino-werner","status":"publish","type":"post","link":"https:\/\/revistabife.com\/index.php\/2023\/03\/02\/anuncian-que-el-mercado-municipal-se-traslada-al-molino-werner\/","title":{"rendered":"Anuncian que el Mercado Municipal se traslada al Molino Werner"},"content":{"rendered":"\n<p class=\"has-drop-cap has-medium-font-size\">\n\nEl anuncio lo hizo el intendente Luciano di N\u00e1poli en el inicio de sesiones del Concejo Deliberante de la ciudad de Santa Rosa.<\/p>\n\n\n\n<p class=\"has-medium-font-size\">&#8220;Hoy quiero anunciarles -dijo di N\u00e1poli- que hemos tomado la decisi\u00f3n estrat\u00e9gica de trasladar el mercado minorista de la ciudad a otro sitio emblem\u00e1tico de Santa Rosa, abandonado a su suerte durante a\u00f1os, y que con la ayuda y el financiamiento del gobierno nacional comenzaremos poco a poco a intervenirlo. Me estoy refiriendo al ex molino Warner del cual destinaremos dos alas de ese ic\u00f3nico sitio para instalar all\u00ed un mercado&#8221;.<\/p>\n\n\n\n<p class=\"has-medium-font-size\">El Mercado Municipal de Santa Rosa, que funciona desde hace unos tres a\u00f1os en la ex planta l\u00e1ctea de la CPE.\n\n<\/p>\n","protected":false},"excerpt":{"rendered":"<p>El anuncio lo hizo el intendente Luciano di N\u00e1poli en el inicio de sesiones del<\/p>\n","protected":false},"author":1,"featured_media":29933,"comment_status":"closed","ping_status":"open","sticky":false,"template":"","format":"standard","meta":{"om_disable_all_campaigns":false,"_monsterinsights_skip_tracking":false,"_monsterinsights_sitenote_active":false,"_monsterinsights_sitenote_note":"","_monsterinsights_sitenote_category":0,"_uf_show_specific_survey":0,"_uf_disable_surveys":false,"footnotes":""},"categories":[32,1913],"tags":[],"class_list":["post-29931","post","type-post","status-publish","format-standard","has-post-thumbnail","hentry","category-actualidad","category-porvinciales"],"aioseo_notices":[],"_links":{"self":[{"href":"https:\/\/revistabife.com\/index.php\/wp-json\/wp\/v2\/posts\/29931"}],"collection":[{"href":"https:\/\/revistabife.com\/index.php\/wp-json\/wp\/v2\/posts"}],"about":[{"href":"https:\/\/revistabife.com\/index.php\/wp-json\/wp\/v2\/types\/post"}],"author":[{"embeddable":true,"href":"https:\/\/revistabife.com\/index.php\/wp-json\/wp\/v2\/users\/1"}],"replies":[{"embeddable":true,"href":"https:\/\/revistabife.com\/index.php\/wp-json\/wp\/v2\/comments?post=29931"}],"version-history":[{"count":1,"href":"https:\/\/revistabife.com\/index.php\/wp-json\/wp\/v2\/posts\/29931\/revisions"}],"predecessor-version":[{"id":29934,"href":"https:\/\/revistabife.com\/index.php\/wp-json\/wp\/v2\/posts\/29931\/revisions\/29934"}],"wp:featuredmedia":[{"embeddable":true,"href":"https:\/\/revistabife.com\/index.php\/wp-json\/wp\/v2\/media\/29933"}],"wp:attachment":[{"href":"https:\/\/revistabife.com\/index.php\/wp-json\/wp\/v2\/media?parent=29931"}],"wp:term":[{"taxonomy":"category","embeddable":true,"href":"https:\/\/revistabife.com\/index.php\/wp-json\/wp\/v2\/categories?post=29931"},{"taxonomy":"post_tag","embeddable":true,"href":"https:\/\/revistabife.com\/index.php\/wp-json\/wp\/v2\/tags?post=29931"}],"curies":[{"name":"wp","href":"https:\/\/api.w.org\/{rel}","templated":true}]}}