{"id":29928,"date":"2023-03-01T21:29:13","date_gmt":"2023-03-02T00:29:13","guid":{"rendered":"http:\/\/revistabife.com\/?p=29928"},"modified":"2023-03-01T21:29:14","modified_gmt":"2023-03-02T00:29:14","slug":"apagon-un-incendio-en-provincia-de-buenos-aires-hizo-que-la-pampa-y-otras-9-jurisdicciones-se-queden-sin-luz","status":"publish","type":"post","link":"https:\/\/revistabife.com\/index.php\/2023\/03\/01\/apagon-un-incendio-en-provincia-de-buenos-aires-hizo-que-la-pampa-y-otras-9-jurisdicciones-se-queden-sin-luz\/","title":{"rendered":"Apag\u00f3n: Un incendio en provincia de Buenos Aires hizo que La Pampa y otras 9 jurisdicciones se queden sin luz"},"content":{"rendered":"\n<p class=\"has-drop-cap has-medium-font-size\">\n\nEsta tarde, en medio de una nueva ola de calor, se gener\u00f3 un masivo corte de energ\u00eda el\u00e9ctrica que afect\u00f3 a La Pampa y varias provincias del pa\u00eds. \u201cEstuvo apagado el centro del pa\u00eds\u201d, reconocieron en el Gobierno.<\/p>\n\n\n\n<p class=\"has-medium-font-size\">\u201cHubo una contingencia el\u00e9ctrica grave, seg\u00fan informa Transener, por un incendio sali\u00f3 una l\u00ednea de 500 kV Campana-Rodr\u00edguez. Simult\u00e1neamente se desengancharon Atucha I (se investigan causas) y otras centrales de generaci\u00f3n el\u00e9ctrica, como Central Puerto\u201d, destacaron fuentes oficiales que explicaron que esas centrales funcionan, pero quedaron desconectadas del sistema como parte de un mecanismo de control.<\/p>\n\n\n\n<p class=\"has-medium-font-size\">Para entender la magnitud del apag\u00f3n bien vale una cifra: de los 26.000 MV de demanda que hab\u00eda al momento del incidente, un nivel elevado en virtud de las altas temperaturas, salieron de servicio m\u00e1s de 9.000 MV, seg\u00fan explic\u00f3 el subsecretario de Energ\u00eda El\u00e9ctrica, Santiago Yanotti. Esa ca\u00edda en m\u00e1s de un tercio de la demanda implica que casi 20 millones de usuarios quedaron sin electricidad.<\/p>\n\n\n\n<p class=\"has-medium-font-size\">No se conocen, por el momento, los motivos del incendio que se origin\u00f3 en campos y afect\u00f3 a torres de alta tensi\u00f3n. <\/p>\n\n\n\n<p class=\"has-medium-font-size\">Santiago Yanotti, subsecretario de Energ\u00eda El\u00e9ctrica, dijo: \u201cpodr\u00eda ser intencional o no, lo desconozco\u201d. \u201cEsa l\u00ednea recorre todo el pa\u00eds, desde Yacyret\u00e1 hasta la Patagonia. Hemos tenido un atentado en el sur del pa\u00eds hace poco. Puede ser que el incendio haya ocurrido por la temperatura alta o que alguien con imprudencia haya quemado pastizales\u201d, dijo.\n\n<\/p>\n","protected":false},"excerpt":{"rendered":"<p>Esta tarde, en medio de una nueva ola de calor, se gener\u00f3 un masivo corte<\/p>\n","protected":false},"author":1,"featured_media":29929,"comment_status":"closed","ping_status":"open","sticky":false,"template":"","format":"standard","meta":{"om_disable_all_campaigns":false,"_monsterinsights_skip_tracking":false,"_monsterinsights_sitenote_active":false,"_monsterinsights_sitenote_note":"","_monsterinsights_sitenote_category":0,"_uf_show_specific_survey":0,"_uf_disable_surveys":false,"footnotes":""},"categories":[32,1913],"tags":[],"class_list":["post-29928","post","type-post","status-publish","format-standard","has-post-thumbnail","hentry","category-actualidad","category-porvinciales"],"aioseo_notices":[],"_links":{"self":[{"href":"https:\/\/revistabife.com\/index.php\/wp-json\/wp\/v2\/posts\/29928"}],"collection":[{"href":"https:\/\/revistabife.com\/index.php\/wp-json\/wp\/v2\/posts"}],"about":[{"href":"https:\/\/revistabife.com\/index.php\/wp-json\/wp\/v2\/types\/post"}],"author":[{"embeddable":true,"href":"https:\/\/revistabife.com\/index.php\/wp-json\/wp\/v2\/users\/1"}],"replies":[{"embeddable":true,"href":"https:\/\/revistabife.com\/index.php\/wp-json\/wp\/v2\/comments?post=29928"}],"version-history":[{"count":1,"href":"https:\/\/revistabife.com\/index.php\/wp-json\/wp\/v2\/posts\/29928\/revisions"}],"predecessor-version":[{"id":29930,"href":"https:\/\/revistabife.com\/index.php\/wp-json\/wp\/v2\/posts\/29928\/revisions\/29930"}],"wp:featuredmedia":[{"embeddable":true,"href":"https:\/\/revistabife.com\/index.php\/wp-json\/wp\/v2\/media\/29929"}],"wp:attachment":[{"href":"https:\/\/revistabife.com\/index.php\/wp-json\/wp\/v2\/media?parent=29928"}],"wp:term":[{"taxonomy":"category","embeddable":true,"href":"https:\/\/revistabife.com\/index.php\/wp-json\/wp\/v2\/categories?post=29928"},{"taxonomy":"post_tag","embeddable":true,"href":"https:\/\/revistabife.com\/index.php\/wp-json\/wp\/v2\/tags?post=29928"}],"curies":[{"name":"wp","href":"https:\/\/api.w.org\/{rel}","templated":true}]}}