{"id":29925,"date":"2023-03-01T08:44:53","date_gmt":"2023-03-01T11:44:53","guid":{"rendered":"http:\/\/revistabife.com\/?p=29925"},"modified":"2023-03-01T08:44:54","modified_gmt":"2023-03-01T11:44:54","slug":"dieron-media-sancion-a-la-moratoria-jubilatoria-punto-por-punto-del-proyecto-aprobado","status":"publish","type":"post","link":"https:\/\/revistabife.com\/index.php\/2023\/03\/01\/dieron-media-sancion-a-la-moratoria-jubilatoria-punto-por-punto-del-proyecto-aprobado\/","title":{"rendered":"Dieron media sanci\u00f3n a la moratoria jubilatoria: Punto por punto del proyecto aprobado"},"content":{"rendered":"\n<p class=\"has-drop-cap has-medium-font-size\">La propuesta, presentada en el&nbsp;<strong>Senado<\/strong>&nbsp;por<strong>&nbsp;Anabel Fern\u00e1ndez Sagasti<\/strong>&nbsp;y con media sanci\u00f3n desde el 30 de junio pasado, establece que las&nbsp;<strong>personas en edad jubilatoria<\/strong>&nbsp;pero sin los aportes exigidos&nbsp;<strong>podr\u00e1n regularizar per\u00edodos faltantes hasta el mes de diciembre de 2008&nbsp;<\/strong>inclusive, con una modalidad de&nbsp;<strong>pago en cuotas<\/strong>&nbsp;que ser\u00e1n descontadas de manera directa del haber jubilatorio que se obtenga a trav\u00e9s del programa.<\/p>\n\n\n\n<p class=\"has-medium-font-size\">Asimismo, contempla la posibilidad de que las&nbsp;<strong>personas en edad pre-jubilatoria&nbsp;<\/strong>(<strong>mujeres de 50 a 59 a\u00f1os y varones de 55 a 64 a\u00f1os<\/strong>) que saben que no llegar\u00e1n con los a\u00f1os de aportes necesarios, puedan anticiparse y comenzar a pagar ellos mismos los per\u00edodos faltantes.<\/p>\n\n\n\n<p class=\"has-medium-font-size\">Cada mes,&nbsp;<strong>los trabajadores en edad de jubilaci\u00f3n que no cuentes con los aportes necesarios tendr\u00e1n que pagar una cuota de la moratoria para poder comenzar a cobrar su prestaci\u00f3n<\/strong>.<\/p>\n\n\n\n<p class=\"has-medium-font-size\">La cuota se calcular\u00e1 como un porcentaje (basado en el componenteprevisional) sobre&nbsp;<strong>la remuneraci\u00f3n m\u00ednima imponible y podr\u00e1n comprar a\u00f1os hasta 2008<\/strong>. Los ingresos en concepto de cuota<strong>&nbsp;componen los recursosde aportes y contribuciones que se destinan a ANSES.<\/strong><\/p>\n\n\n\n<p class=\"has-medium-font-size\">Seg\u00fan estimaron desde ANSES<strong>, en 2023, alrededor de 620.000 personas podr\u00edan jubilarse<\/strong>, con erogaciones netas de&nbsp;<strong>278.086 millones de pesos.<\/strong><\/p>\n","protected":false},"excerpt":{"rendered":"<p>La propuesta, presentada en el&nbsp;Senado&nbsp;por&nbsp;Anabel Fern\u00e1ndez Sagasti&nbsp;y con media sanci\u00f3n desde el 30 de junio<\/p>\n","protected":false},"author":1,"featured_media":10701,"comment_status":"closed","ping_status":"open","sticky":false,"template":"","format":"standard","meta":{"om_disable_all_campaigns":false,"_monsterinsights_skip_tracking":false,"_monsterinsights_sitenote_active":false,"_monsterinsights_sitenote_note":"","_monsterinsights_sitenote_category":0,"_uf_show_specific_survey":0,"_uf_disable_surveys":false,"footnotes":""},"categories":[32,1913],"tags":[],"class_list":["post-29925","post","type-post","status-publish","format-standard","has-post-thumbnail","hentry","category-actualidad","category-porvinciales"],"aioseo_notices":[],"_links":{"self":[{"href":"https:\/\/revistabife.com\/index.php\/wp-json\/wp\/v2\/posts\/29925"}],"collection":[{"href":"https:\/\/revistabife.com\/index.php\/wp-json\/wp\/v2\/posts"}],"about":[{"href":"https:\/\/revistabife.com\/index.php\/wp-json\/wp\/v2\/types\/post"}],"author":[{"embeddable":true,"href":"https:\/\/revistabife.com\/index.php\/wp-json\/wp\/v2\/users\/1"}],"replies":[{"embeddable":true,"href":"https:\/\/revistabife.com\/index.php\/wp-json\/wp\/v2\/comments?post=29925"}],"version-history":[{"count":1,"href":"https:\/\/revistabife.com\/index.php\/wp-json\/wp\/v2\/posts\/29925\/revisions"}],"predecessor-version":[{"id":29926,"href":"https:\/\/revistabife.com\/index.php\/wp-json\/wp\/v2\/posts\/29925\/revisions\/29926"}],"wp:featuredmedia":[{"embeddable":true,"href":"https:\/\/revistabife.com\/index.php\/wp-json\/wp\/v2\/media\/10701"}],"wp:attachment":[{"href":"https:\/\/revistabife.com\/index.php\/wp-json\/wp\/v2\/media?parent=29925"}],"wp:term":[{"taxonomy":"category","embeddable":true,"href":"https:\/\/revistabife.com\/index.php\/wp-json\/wp\/v2\/categories?post=29925"},{"taxonomy":"post_tag","embeddable":true,"href":"https:\/\/revistabife.com\/index.php\/wp-json\/wp\/v2\/tags?post=29925"}],"curies":[{"name":"wp","href":"https:\/\/api.w.org\/{rel}","templated":true}]}}