{"id":29893,"date":"2023-02-26T12:28:35","date_gmt":"2023-02-26T15:28:35","guid":{"rendered":"http:\/\/revistabife.com\/?p=29893"},"modified":"2023-02-26T12:28:36","modified_gmt":"2023-02-26T15:28:36","slug":"el-gobierno-instrumenta-un-fuerte-apoyo-a-la-industria-pampeana-que-participara-en-expoagro","status":"publish","type":"post","link":"https:\/\/revistabife.com\/index.php\/2023\/02\/26\/el-gobierno-instrumenta-un-fuerte-apoyo-a-la-industria-pampeana-que-participara-en-expoagro\/","title":{"rendered":"El Gobierno instrumenta un fuerte apoyo a la industria pampeana que participar\u00e1 en ExpoAgro"},"content":{"rendered":"\n<p class=\"has-drop-cap has-medium-font-size\">Con el objetivo de potenciar las operaciones pampeanas en la muestra,\u00a0 se vuelve a implementar el Compre Pampeano,\u00a0 bonificando la tasa de inter\u00e9s\u00a0 en 30 puntos. Adem\u00e1s,\u00a0se incrementar\u00e1n los montos a financiar hasta $ 20 millones por la l\u00ednea Compre Pampeano Tradicional y hasta $ 50 millones por Compre Pampeano UIP y se ampliar\u00e1n \u00a0los plazos de las operatorias tradicional y UIP, con destino inversi\u00f3n, en hasta 60 meses con 12 de gracia.<\/p>\n\n\n\n<p class=\"has-medium-font-size\">Desde el 7 al 10 de marzo, el Gobierno de La Pampa y el Banco de La Pampa, acompa\u00f1ar\u00e1n, junto a la Uni\u00f3n Industrial de La Pampa (UNILPA), \u00a0a treinta empresas que participar\u00e1n de la Exposici\u00f3n que se lleva a cabo en provincia de Buenos Aires.<\/p>\n\n\n\n<p class=\"has-medium-font-size\">Luego de los excelentes resultados obtenidos por las empresas pampeanas en la edici\u00f3n 2022 de ExpoAgro, el Gobierno de La Pampa fortalece la alianza estrat\u00e9gica con el sector privado y, a trav\u00e9s del ministerio de la Producci\u00f3n y el Banco de La Pampa, trabaja en lo que ser\u00e1 el espacio y la propuesta comercial provincial, en el predio de la exposici\u00f3n en San Nicol\u00e1s de los Arroyos.<\/p>\n\n\n\n<p class=\"has-medium-font-size\">Durante esta nueva edici\u00f3n, \u00a030 empresas pampeanas dedicadas a rubros como metal\u00fargica, energ\u00eda solar, nutrici\u00f3n animal, aberturas, construcci\u00f3n, implementos agr\u00edcolas y alimentos c\u00e1rnicos, participar\u00e1n del stand provincial con el fin de visibilizar su producci\u00f3n, generar ventas y nuevas sinergias comerciales.<\/p>\n\n\n\n<p class=\"has-medium-font-size\">ExpoAgro es una muestra agropecuaria a campo abierto que se realiza una vez por a\u00f1o donde casi un millar de stands de diferentes empresas exponen bienes, insumos y servicios que se necesitan en el campo para producir granos y carne.<\/p>\n\n\n\n<p class=\"has-medium-font-size\">Un evento donde el pa\u00eds muestra su potencial tecnol\u00f3gico para el sector agr\u00edcola. En su \u00faltima edici\u00f3n se generaron US$ 1.500 millones en negocios, lo que demuestra la importancia para las empresas pampeanas de continuar representando a la provincia en este evento.<\/p>\n\n\n\n<p class=\"has-medium-font-size\"><strong>Beneficios del \u201cCompre Pampeano\u201d<\/strong><br>La participaci\u00f3n de las empresas provinciales en la Exposici\u00f3n, se potencia con la herramienta comercial Compre Pampeano. En la edici\u00f3n 2022 de Expo Agro las empresas pampeanas presentes firmaron para hacer operaciones por ocho mil millones de pesos, una cifra r\u00e9cord ya que cuadruplic\u00f3 las ventas registradas durante la \u00faltima edici\u00f3n, en 2020.<\/p>\n\n\n\n<p class=\"has-medium-font-size\">En esta edici\u00f3n, el gobierno provincial y el Banco de La Pampa, renovar\u00e1n la apuesta a trav\u00e9s de una operatoria especial, exclusiva para este evento, aportando una importante bonificaci\u00f3n de tasa de inter\u00e9s, la cual alcanzar\u00e1 los 30 puntos (25 puntos aportados por el Gobierno de La Pampa y 5 por el Banco de La Pampa). Adem\u00e1s se prev\u00e9 incrementar los montos a financiar, hasta $ 20 millones por la l\u00ednea Compre Pampeano Tradicional y hasta $ 50 millones por Compre Pampeano UIP, e incrementar los plazos de las operatorias tradicional y UIP, con destino inversi\u00f3n, en hasta 60 meses con 12 de gracia. <\/p>\n","protected":false},"excerpt":{"rendered":"<p>Con el objetivo de potenciar las operaciones pampeanas en la muestra,\u00a0 se vuelve a implementar<\/p>\n","protected":false},"author":1,"featured_media":29894,"comment_status":"closed","ping_status":"open","sticky":false,"template":"","format":"standard","meta":{"om_disable_all_campaigns":false,"_monsterinsights_skip_tracking":false,"_monsterinsights_sitenote_active":false,"_monsterinsights_sitenote_note":"","_monsterinsights_sitenote_category":0,"_uf_show_specific_survey":0,"_uf_disable_surveys":false,"footnotes":""},"categories":[32,1913],"tags":[],"class_list":["post-29893","post","type-post","status-publish","format-standard","has-post-thumbnail","hentry","category-actualidad","category-porvinciales"],"aioseo_notices":[],"_links":{"self":[{"href":"https:\/\/revistabife.com\/index.php\/wp-json\/wp\/v2\/posts\/29893"}],"collection":[{"href":"https:\/\/revistabife.com\/index.php\/wp-json\/wp\/v2\/posts"}],"about":[{"href":"https:\/\/revistabife.com\/index.php\/wp-json\/wp\/v2\/types\/post"}],"author":[{"embeddable":true,"href":"https:\/\/revistabife.com\/index.php\/wp-json\/wp\/v2\/users\/1"}],"replies":[{"embeddable":true,"href":"https:\/\/revistabife.com\/index.php\/wp-json\/wp\/v2\/comments?post=29893"}],"version-history":[{"count":1,"href":"https:\/\/revistabife.com\/index.php\/wp-json\/wp\/v2\/posts\/29893\/revisions"}],"predecessor-version":[{"id":29895,"href":"https:\/\/revistabife.com\/index.php\/wp-json\/wp\/v2\/posts\/29893\/revisions\/29895"}],"wp:featuredmedia":[{"embeddable":true,"href":"https:\/\/revistabife.com\/index.php\/wp-json\/wp\/v2\/media\/29894"}],"wp:attachment":[{"href":"https:\/\/revistabife.com\/index.php\/wp-json\/wp\/v2\/media?parent=29893"}],"wp:term":[{"taxonomy":"category","embeddable":true,"href":"https:\/\/revistabife.com\/index.php\/wp-json\/wp\/v2\/categories?post=29893"},{"taxonomy":"post_tag","embeddable":true,"href":"https:\/\/revistabife.com\/index.php\/wp-json\/wp\/v2\/tags?post=29893"}],"curies":[{"name":"wp","href":"https:\/\/api.w.org\/{rel}","templated":true}]}}