{"id":29833,"date":"2023-02-17T19:56:03","date_gmt":"2023-02-17T22:56:03","guid":{"rendered":"http:\/\/revistabife.com\/?p=29833"},"modified":"2023-02-17T19:56:05","modified_gmt":"2023-02-17T22:56:05","slug":"grave-un-chico-fue-a-rendir-con-un-arma-de-fuego-a-la-escuela-agrotecnica-de-santa-rosa","status":"publish","type":"post","link":"https:\/\/revistabife.com\/index.php\/2023\/02\/17\/grave-un-chico-fue-a-rendir-con-un-arma-de-fuego-a-la-escuela-agrotecnica-de-santa-rosa\/","title":{"rendered":"Grave: Un chico fue a rendir con un arma de fuego a la escuela Agrot\u00e9cnica de Santa Rosa"},"content":{"rendered":"\n<p class=\"has-drop-cap has-medium-font-size\">En la tarde de este viernes fueron los propios alumnos quienes alertaron que un compa\u00f1ero hab\u00eda asistido armado al colegio. El menor llevaba el arma en su mochila.<\/p>\n\n\n\n<p class=\"has-medium-font-size\">El episodio sucedi\u00f3 alrededor de las 15:45 de este viernes en la escuela Agot\u00e9cnica de Santa Rosa, donde un menor de 14 a\u00f1os asisti\u00f3 a rendir materias con un arma de fuego.<\/p>\n\n\n\n<p class=\"has-medium-font-size\">Seg\u00fan fuentes consultadas por \ud835\ude3d\ud835\ude44\ud835\ude41\ud835\ude40, fue un alumno el que advirti\u00f3 que un compa\u00f1ero estaba armado.<\/p>\n\n\n\n<p class=\"has-medium-font-size\">La Unidad Funcional de G\u00e9nero y Ni\u00f1ez y la Seccional Segunda se hicieron presentes en el lugar tras recibir un llamado al 101 por parte de las autoridades del colegio.<\/p>\n\n\n\n<p class=\"has-medium-font-size\">Fuentes policiales confirmaron que el menor en ning\u00fan momento exhibi\u00f3 el objeto. \u201cEl arma la ten\u00eda en su mochila, nunca la esgrimi\u00f3\u201d, se\u00f1alaron.<\/p>\n\n\n\n<p class=\"has-medium-font-size\">Tutores de alumnos confiaron a \ud835\ude3d\ud835\ude44\ud835\ude41\ud835\ude40 que si bien el arma no fue visualizada, se vivieron momentos de incertidumbres al ver el despliegue policial. \u201cHubo mucha polic\u00eda, llegaron tres patrulleros y tres motos\u201d, indicaron.<\/p>\n\n\n\n<p class=\"has-medium-font-size\">Desde la Unidad Funcional de G\u00e9nero informaron que el menor no ten\u00eda registros de incidentes previos. Los padres del chico fueron notificados por la Polic\u00eda. <\/p>\n","protected":false},"excerpt":{"rendered":"<p>En la tarde de este viernes fueron los propios alumnos quienes alertaron que un compa\u00f1ero<\/p>\n","protected":false},"author":1,"featured_media":29834,"comment_status":"closed","ping_status":"open","sticky":false,"template":"","format":"standard","meta":{"om_disable_all_campaigns":false,"_monsterinsights_skip_tracking":false,"_monsterinsights_sitenote_active":false,"_monsterinsights_sitenote_note":"","_monsterinsights_sitenote_category":0,"_uf_show_specific_survey":0,"_uf_disable_surveys":false,"footnotes":""},"categories":[32,1913],"tags":[],"class_list":["post-29833","post","type-post","status-publish","format-standard","has-post-thumbnail","hentry","category-actualidad","category-porvinciales"],"aioseo_notices":[],"_links":{"self":[{"href":"https:\/\/revistabife.com\/index.php\/wp-json\/wp\/v2\/posts\/29833"}],"collection":[{"href":"https:\/\/revistabife.com\/index.php\/wp-json\/wp\/v2\/posts"}],"about":[{"href":"https:\/\/revistabife.com\/index.php\/wp-json\/wp\/v2\/types\/post"}],"author":[{"embeddable":true,"href":"https:\/\/revistabife.com\/index.php\/wp-json\/wp\/v2\/users\/1"}],"replies":[{"embeddable":true,"href":"https:\/\/revistabife.com\/index.php\/wp-json\/wp\/v2\/comments?post=29833"}],"version-history":[{"count":1,"href":"https:\/\/revistabife.com\/index.php\/wp-json\/wp\/v2\/posts\/29833\/revisions"}],"predecessor-version":[{"id":29835,"href":"https:\/\/revistabife.com\/index.php\/wp-json\/wp\/v2\/posts\/29833\/revisions\/29835"}],"wp:featuredmedia":[{"embeddable":true,"href":"https:\/\/revistabife.com\/index.php\/wp-json\/wp\/v2\/media\/29834"}],"wp:attachment":[{"href":"https:\/\/revistabife.com\/index.php\/wp-json\/wp\/v2\/media?parent=29833"}],"wp:term":[{"taxonomy":"category","embeddable":true,"href":"https:\/\/revistabife.com\/index.php\/wp-json\/wp\/v2\/categories?post=29833"},{"taxonomy":"post_tag","embeddable":true,"href":"https:\/\/revistabife.com\/index.php\/wp-json\/wp\/v2\/tags?post=29833"}],"curies":[{"name":"wp","href":"https:\/\/api.w.org\/{rel}","templated":true}]}}