{"id":29594,"date":"2023-01-29T22:34:08","date_gmt":"2023-01-30T01:34:08","guid":{"rendered":"http:\/\/revistabife.com\/?p=29594"},"modified":"2023-01-30T10:30:47","modified_gmt":"2023-01-30T13:30:47","slug":"dos-madres-tomaron-una-casa-deshabitada-del-barrio-esperanza-y-fueron-amenazadas-por-sus-duenos-aparecieron-y-nos-dijeron-que-nos-iban-a-prenderla-fuego-con-nuestros-hijos-adentro","status":"publish","type":"post","link":"https:\/\/revistabife.com\/index.php\/2023\/01\/29\/dos-madres-tomaron-una-casa-deshabitada-del-barrio-esperanza-y-fueron-amenazadas-por-sus-duenos-aparecieron-y-nos-dijeron-que-nos-iban-a-prenderla-fuego-con-nuestros-hijos-adentro\/","title":{"rendered":"Dos madres tomaron una casa deshabitada del Barrio Esperanza y fueron amenazadas por sus due\u00f1os: &#8220;Aparecieron y nos dijeron que que iban a prenderla fuego con nuestros hijos adentro&#8221;"},"content":{"rendered":"\n<p class=\"has-drop-cap has-medium-font-size\">El \u00faltimo mi\u00e9rcoles, dos madres tomaron una casa deshabitada del Barrio Esperanza. Las dos mujeres de 26 a\u00f1os, se\u00f1alaron que lo hicieron por \u201cdesesperaci\u00f3n\u201d ya que el lugar en el que alquilaba una de ellas se vendi\u00f3 y no pod\u00eda afrontar los requisitos de un nuevo alquiler. En la tarde del domingo, los due\u00f1os de la vivienda usurpada se hicieron presentes en el domicilio y, seg\u00fan las j\u00f3venes, ellas y sus criaturas fueron amenazadas de muerte por los propietarios. \u201cNos dijeron que nos iban a prender fuego con los nenes adentro\u201d, contaron. <\/p>\n\n\n\n<p class=\"has-medium-font-size\">Este domingo, una mujer se contact\u00f3 con BIFE para dar a conocer la situaci\u00f3n por la que atraviesa ella y otra chica. Laura tiene 26 a\u00f1os y es madre soltera de dos gemelas de 5 meses y un nene de 8 a\u00f1os, el mi\u00e9rcoles de la semana pasada, su amiga, Candelaria (26), madre de otro nene de 8, tom\u00f3 la dr\u00e1stica decisi\u00f3n de tomar una casa deshabitada ubicada en la calle Lastiri al 500. \u201cLo hizo porque estaba desesperada. La vivienda que alquilaba se vendi\u00f3 y no pod\u00eda alquilar con todo lo que piden. El nene de ella sufre de broncoespasmos y no puede estar en un lugar con humedad\u201d, dijo la joven, quien transita por una situaci\u00f3n similar. \u201cYo no tengo casa, vivo con mis hijos en un lugar que es prestado\u201d, agreg\u00f3.<\/p>\n\n\n\n<figure class=\"wp-block-image\"><img loading=\"lazy\" decoding=\"async\" width=\"768\" height=\"1024\" src=\"https:\/\/revistabife.com\/wp-content\/uploads\/2023\/01\/328254079_1876415356041437_3540658939572862743_n-768x1024.jpg\" alt=\"\" class=\"wp-image-29596\" srcset=\"https:\/\/revistabife.com\/wp-content\/uploads\/2023\/01\/328254079_1876415356041437_3540658939572862743_n-768x1024.jpg 768w, https:\/\/revistabife.com\/wp-content\/uploads\/2023\/01\/328254079_1876415356041437_3540658939572862743_n-225x300.jpg 225w, https:\/\/revistabife.com\/wp-content\/uploads\/2023\/01\/328254079_1876415356041437_3540658939572862743_n-1024x1365.jpg 1024w, https:\/\/revistabife.com\/wp-content\/uploads\/2023\/01\/328254079_1876415356041437_3540658939572862743_n.jpg 1200w\" sizes=\"(max-width: 768px) 100vw, 768px\" \/><figcaption><em>El ba\u00f1o de la vivienda tomada<\/em><\/figcaption><\/figure>\n\n\n\n<p class=\"has-medium-font-size\"> \u201cHace un a\u00f1o que ven\u00edamos viendo que esa casa estaba desocupada, pas\u00e1bamos con mi amiga, y nunca ve\u00edamos a nadie. Ni de ma\u00f1ana ni de tarde. En ning\u00fan momento hab\u00eda gente y el lugar estaba lleno de mugre\u201d, se\u00f1al\u00f3 en di\u00e1logo con BIFE. <\/p>\n\n\n\n<p class=\"has-medium-font-size\">Al d\u00eda siguiente de la usurpaci\u00f3n, Candelaria se acerc\u00f3 a la Polic\u00eda. \u201cElla quiso hacer una exposici\u00f3n para que quede constancia de que por qu\u00e9 lo hicimos, pero no se lo permitieron\u201d, dice Laura. El d\u00eda viernes, su amiga se dirigi\u00f3 al IPAV para dar aviso de la usurpaci\u00f3n. \u201cLa recibi\u00f3 la gerenta y le cont\u00f3 todo. Le dijo que se trataba de una casa deshabitada por muchos meses y tambi\u00e9n le dio a conocer su situaci\u00f3n personal\u201d, indic\u00f3 la joven. <\/p>\n\n\n\n<p><\/p>\n\n\n\n<figure class=\"wp-block-image\"><img loading=\"lazy\" decoding=\"async\" width=\"1024\" height=\"768\" src=\"https:\/\/revistabife.com\/wp-content\/uploads\/2023\/01\/328409428_473911004767026_5988770227104971905_n-1024x768.jpg\" alt=\"\" class=\"wp-image-29597\" srcset=\"https:\/\/revistabife.com\/wp-content\/uploads\/2023\/01\/328409428_473911004767026_5988770227104971905_n-1024x768.jpg 1024w, https:\/\/revistabife.com\/wp-content\/uploads\/2023\/01\/328409428_473911004767026_5988770227104971905_n-300x225.jpg 300w, https:\/\/revistabife.com\/wp-content\/uploads\/2023\/01\/328409428_473911004767026_5988770227104971905_n-768x576.jpg 768w, https:\/\/revistabife.com\/wp-content\/uploads\/2023\/01\/328409428_473911004767026_5988770227104971905_n.jpg 1280w\" sizes=\"(max-width: 1024px) 100vw, 1024px\" \/><figcaption><em>La ventana de una de las habitaciones<\/em><\/figcaption><\/figure>\n\n\n\n<p class=\"has-medium-font-size\">\u201cLa gerenta le dijo que no nos iba a desalojar, que iba a trabajar en la situaci\u00f3n y constatar si el due\u00f1o est\u00e1 en falta. La cit\u00f3 para este lunes a primera hora\u201d, cont\u00f3. Alrededor de las 5 de la tarde de este domingo, los due\u00f1os de la casa se hicieron presentes en el lugar y, seg\u00fan contaron las j\u00f3venes, fueron amenazadas de muerte. \u201cReci\u00e9n aparecieron hoy, nos dimos cuenta de que son los due\u00f1os por algunas cosas que hay que ac\u00e1 adentro. Llegaron y nos dijeron de todo, nos quer\u00edan sacar a la fuerza. En un momento nos amenazaron dici\u00e9ndonos que nos iban a prender fuego la casa con nuestros nenes adentro. Estamos aterrorizadas, por eso queremos que la gente sepa de nuestra situaci\u00f3n por si nos llega a pasar algo\u201d, dijo Laura. <\/p>\n\n\n\n<p class=\"has-medium-font-size\">Ante la situaci\u00f3n, la polic\u00eda fue alertada por gente de la zona. \u201cCuando lleg\u00f3 el patrullero se calmaron y se fueron. Los vecinos nos apoyan, ellos saben que en este lugar no vive nadie\u201d, cont\u00f3 la joven. Las mujeres tomaron fotograf\u00edas del interior de la vivienda que habitan desde el d\u00eda mi\u00e9rcoles. El estado del lugar delata que se encuentra deshabitado desde hace meses. \u201cEst\u00e1 totalmente abandonada, s\u00f3lo en una habitaci\u00f3n hay cosas de valor que nosotros no queremos ni tocar, no nos interesa. S\u00f3lo queremos habitarla para poder vivir con nuestros hijos\u201d, concluy\u00f3 la mujer. <\/p>\n","protected":false},"excerpt":{"rendered":"<p>El \u00faltimo mi\u00e9rcoles, dos madres tomaron una casa deshabitada del Barrio Esperanza. Las dos mujeres<\/p>\n","protected":false},"author":1,"featured_media":29595,"comment_status":"closed","ping_status":"open","sticky":false,"template":"","format":"standard","meta":{"om_disable_all_campaigns":false,"_monsterinsights_skip_tracking":false,"_monsterinsights_sitenote_active":false,"_monsterinsights_sitenote_note":"","_monsterinsights_sitenote_category":0,"_uf_show_specific_survey":0,"_uf_disable_surveys":false,"footnotes":""},"categories":[32,1913],"tags":[],"class_list":["post-29594","post","type-post","status-publish","format-standard","has-post-thumbnail","hentry","category-actualidad","category-porvinciales"],"aioseo_notices":[],"_links":{"self":[{"href":"https:\/\/revistabife.com\/index.php\/wp-json\/wp\/v2\/posts\/29594"}],"collection":[{"href":"https:\/\/revistabife.com\/index.php\/wp-json\/wp\/v2\/posts"}],"about":[{"href":"https:\/\/revistabife.com\/index.php\/wp-json\/wp\/v2\/types\/post"}],"author":[{"embeddable":true,"href":"https:\/\/revistabife.com\/index.php\/wp-json\/wp\/v2\/users\/1"}],"replies":[{"embeddable":true,"href":"https:\/\/revistabife.com\/index.php\/wp-json\/wp\/v2\/comments?post=29594"}],"version-history":[{"count":2,"href":"https:\/\/revistabife.com\/index.php\/wp-json\/wp\/v2\/posts\/29594\/revisions"}],"predecessor-version":[{"id":29602,"href":"https:\/\/revistabife.com\/index.php\/wp-json\/wp\/v2\/posts\/29594\/revisions\/29602"}],"wp:featuredmedia":[{"embeddable":true,"href":"https:\/\/revistabife.com\/index.php\/wp-json\/wp\/v2\/media\/29595"}],"wp:attachment":[{"href":"https:\/\/revistabife.com\/index.php\/wp-json\/wp\/v2\/media?parent=29594"}],"wp:term":[{"taxonomy":"category","embeddable":true,"href":"https:\/\/revistabife.com\/index.php\/wp-json\/wp\/v2\/categories?post=29594"},{"taxonomy":"post_tag","embeddable":true,"href":"https:\/\/revistabife.com\/index.php\/wp-json\/wp\/v2\/tags?post=29594"}],"curies":[{"name":"wp","href":"https:\/\/api.w.org\/{rel}","templated":true}]}}