{"id":29591,"date":"2023-01-29T14:53:53","date_gmt":"2023-01-29T17:53:53","guid":{"rendered":"http:\/\/revistabife.com\/?p=29591"},"modified":"2023-01-29T14:53:54","modified_gmt":"2023-01-29T17:53:54","slug":"infraestructura-escolar-se-duplica-el-espacio-fisico-de-la-escuela-95-de-santa-rosa","status":"publish","type":"post","link":"https:\/\/revistabife.com\/index.php\/2023\/01\/29\/infraestructura-escolar-se-duplica-el-espacio-fisico-de-la-escuela-95-de-santa-rosa\/","title":{"rendered":"Infraestructura escolar: Se duplica el espacio f\u00edsico de la Escuela 95 de Santa Rosa"},"content":{"rendered":"\n<p class=\"has-drop-cap has-medium-font-size\">El edificio de la Escuela 95 \u201cRep\u00fablica de Francia\u201d de Santa Rosa est\u00e1 en obra de ampliaci\u00f3n y remodelaci\u00f3n para dar funcionalidad y estar acorde a las infraestructuras modernas de educaci\u00f3n que dan respuesta al bienestar de alumnos, docentes, directivos y auxiliares acordes a las necesidades pedag\u00f3gicas, educativas, recreativas y sociales que en ellos se desarrollan.<\/p>\n\n\n\n<p class=\"has-medium-font-size\">La estructura edilicia de la Escuela 95 una vez finalizada tendr\u00e1 m\u00e1s de 1300 metros cuadrados\u00a0totales. Es un proyecto ambicioso que trata de una nueva construcci\u00f3n de 613 metros cuadrados\u00a0y la remodelaci\u00f3n en los 690 metros cuadrados\u00a0existentes inicialmente.<br>Este establecimiento educativo se ubica en el norte de la ciudad capital y tiene una importante matr\u00edcula de alumnos y alumnas de nivel primario.<br>El Gobierno\u00a0provincial\u00a0est\u00e1 poniendo en condiciones \u00f3ptimas la infraestructura de la escuela primaria como parte del plan edilicio que tiene el Ministerio de Obras y Servicios P\u00fablicos que involucra a todos los edificios educativos de los distintos niveles.<\/p>\n\n\n\n<p class=\"has-medium-font-size\">La obra de ampliaci\u00f3n y remodelaci\u00f3n de la Escuela 95, surge a partir del diagn\u00f3stico t\u00e9cnico realizado por profesionales del Ministerio de Obras y Servicios P\u00fablicos quienes determinaron que el edificio presentaba falencias y recomendaron la remodelaci\u00f3n y ampliaci\u00f3n indispensable para este espacio educativo.<\/p>\n\n\n\n<p class=\"has-medium-font-size\">El objetivo de intervenir ediliciamente, es obtener espacios acordes a los servicios que requiere hoy el sistema educativo. Para lo cual se determin\u00f3 incrementar aulas y modificar el patio descubierto.<\/p>\n\n\n\n<p class=\"has-medium-font-size\">Los trabajos tambi\u00e9n incluyen la biblioteca y sanitarios. La nueva construcci\u00f3n tendr\u00e1 una estructura unificada, con un criterio del mismo estilo para dar continuidad a la l\u00ednea arquitect\u00f3nica de la estructura inicial.<\/p>\n\n\n\n<p class=\"has-medium-font-size\">La obra de ampliaci\u00f3n y remodelaci\u00f3n de la Escuela 95, tiene una inversi\u00f3n de $ 486.141.155\u00a0(a diciembre 2022), con un avance que supera el 35% de ejecuci\u00f3n llevada a cabo por la empresa BK Construcciones. Los trabajos\u00a0se planificaron para que se efect\u00faen en tiempos de ciclo lectivo sin interferir en el normal desarrollo de las actividades escolares, por lo que son coordinados entre la Inspecci\u00f3n de Obra y la Direcci\u00f3n del establecimiento.<\/p>\n\n\n\n<p class=\"has-medium-font-size\"><strong>Caracter\u00edsticas de la obra<\/strong><br>En uno de los laterales de la construcci\u00f3n y formando parte de la fachada se encontraba adosada la edificaci\u00f3n al jard\u00edn de infantes con una construcci\u00f3n de diferente estilo arquitect\u00f3nico y malas condiciones, motivo por el cual, el JIN fue\u00a0relocalizado y ese espacio formar\u00e1 parte de las ampliaciones de la escuela primaria. Entre los sectores a intervenir se incluye la remodelaci\u00f3n total de edificio, sal\u00f3n de usos m\u00faltiples\u00a0\u00a0y espacios exteriores, adem\u00e1s de la demolici\u00f3n del JIN.<\/p>\n\n\n\n<p class=\"has-medium-font-size\">Las refacciones arquitect\u00f3nicas proponen una intervenci\u00f3n integral del edificio para el reordenamiento de sus funciones. El JIN a partir de este a\u00f1o funcionar\u00e1 en el nuevo edificio de calle Esmeralda, la relocalizaci\u00f3n del Jard\u00edn de Infantes dio el espacio para las necesarias ampliaciones de la escuela \u201cRep\u00fablica de Francia\u201d.<\/p>\n","protected":false},"excerpt":{"rendered":"<p>El edificio de la Escuela 95 \u201cRep\u00fablica de Francia\u201d de Santa Rosa est\u00e1 en obra<\/p>\n","protected":false},"author":1,"featured_media":29592,"comment_status":"closed","ping_status":"open","sticky":false,"template":"","format":"standard","meta":{"om_disable_all_campaigns":false,"_monsterinsights_skip_tracking":false,"_monsterinsights_sitenote_active":false,"_monsterinsights_sitenote_note":"","_monsterinsights_sitenote_category":0,"_uf_show_specific_survey":0,"_uf_disable_surveys":false,"footnotes":""},"categories":[32,1913],"tags":[],"class_list":["post-29591","post","type-post","status-publish","format-standard","has-post-thumbnail","hentry","category-actualidad","category-porvinciales"],"aioseo_notices":[],"_links":{"self":[{"href":"https:\/\/revistabife.com\/index.php\/wp-json\/wp\/v2\/posts\/29591"}],"collection":[{"href":"https:\/\/revistabife.com\/index.php\/wp-json\/wp\/v2\/posts"}],"about":[{"href":"https:\/\/revistabife.com\/index.php\/wp-json\/wp\/v2\/types\/post"}],"author":[{"embeddable":true,"href":"https:\/\/revistabife.com\/index.php\/wp-json\/wp\/v2\/users\/1"}],"replies":[{"embeddable":true,"href":"https:\/\/revistabife.com\/index.php\/wp-json\/wp\/v2\/comments?post=29591"}],"version-history":[{"count":1,"href":"https:\/\/revistabife.com\/index.php\/wp-json\/wp\/v2\/posts\/29591\/revisions"}],"predecessor-version":[{"id":29593,"href":"https:\/\/revistabife.com\/index.php\/wp-json\/wp\/v2\/posts\/29591\/revisions\/29593"}],"wp:featuredmedia":[{"embeddable":true,"href":"https:\/\/revistabife.com\/index.php\/wp-json\/wp\/v2\/media\/29592"}],"wp:attachment":[{"href":"https:\/\/revistabife.com\/index.php\/wp-json\/wp\/v2\/media?parent=29591"}],"wp:term":[{"taxonomy":"category","embeddable":true,"href":"https:\/\/revistabife.com\/index.php\/wp-json\/wp\/v2\/categories?post=29591"},{"taxonomy":"post_tag","embeddable":true,"href":"https:\/\/revistabife.com\/index.php\/wp-json\/wp\/v2\/tags?post=29591"}],"curies":[{"name":"wp","href":"https:\/\/api.w.org\/{rel}","templated":true}]}}