{"id":29216,"date":"2023-01-09T11:29:21","date_gmt":"2023-01-09T14:29:21","guid":{"rendered":"http:\/\/revistabife.com\/?p=29216"},"modified":"2023-01-09T11:42:09","modified_gmt":"2023-01-09T14:42:09","slug":"alerta-roja-por-temperaturas-extremas-en-la-pampa","status":"publish","type":"post","link":"https:\/\/revistabife.com\/index.php\/2023\/01\/09\/alerta-roja-por-temperaturas-extremas-en-la-pampa\/","title":{"rendered":"Alerta Roja por temperaturas extremas en La Pampa"},"content":{"rendered":"\n<p class=\"has-drop-cap has-medium-font-size\">Una ola de calor azota a La Pampa y las altas temperaturas continuar\u00e1n durante toda la semana. Este lunes, el SMN arroj\u00f3 un Alerta Roja.<\/p>\n\n\n\n<p class=\"has-medium-font-size\">El Alerta roja es el nivel m\u00e1s alto de temperatura del SAT, que advierte el riesgo de exposici\u00f3n y los efectos extremos en la salud de las personas, incluso las que gozan de buena salud.<\/p>\n\n\n\n<p class=\"has-medium-font-size\">La ola de calor afecta a  nuestra provincia y, sectores de R\u00edo Negro y Neuqu\u00e9n, tambi\u00e9n el sur de Buenos Aires, y por segunda jornada consecutivas se esperan temperaturas por encima de los 38\u00baC.<\/p>\n\n\n\n<p class=\"has-medium-font-size\">De acuerdo al SMN el fen\u00f3meno afecta a los departamentos de Atreuco, Capital, Catril\u00f3, Conhelo, Guatrach\u00e9, Quem\u00fa Quem\u00fa, Toay, Utrac\u00e1n, Caleu Caleu y Hucal.<\/p>\n\n\n\n<p class=\"has-medium-font-size\">Tambi\u00e9n Chalielo, Limay Mauida, Loventu\u00e9, Chical C\u00f3 y Puel\u00e9n, estos dos \u00faltimos de los m\u00e1s afectados por las altas temperaturas.<\/p>\n\n\n\n<p class=\"has-medium-font-size\">En Santa Rosa, la segunda semana de enero comienza con gran calor en la capital pampeana. Para este lunes se anuncia una temperatura m\u00e1xima de 39\u00baC. <\/p>\n","protected":false},"excerpt":{"rendered":"<p>Una ola de calor azota a La Pampa y las altas temperaturas continuar\u00e1n durante toda<\/p>\n","protected":false},"author":1,"featured_media":12063,"comment_status":"closed","ping_status":"open","sticky":false,"template":"","format":"standard","meta":{"om_disable_all_campaigns":false,"_monsterinsights_skip_tracking":false,"_monsterinsights_sitenote_active":false,"_monsterinsights_sitenote_note":"","_monsterinsights_sitenote_category":0,"_uf_show_specific_survey":0,"_uf_disable_surveys":false,"footnotes":""},"categories":[32,1913],"tags":[],"class_list":["post-29216","post","type-post","status-publish","format-standard","has-post-thumbnail","hentry","category-actualidad","category-porvinciales"],"aioseo_notices":[],"_links":{"self":[{"href":"https:\/\/revistabife.com\/index.php\/wp-json\/wp\/v2\/posts\/29216"}],"collection":[{"href":"https:\/\/revistabife.com\/index.php\/wp-json\/wp\/v2\/posts"}],"about":[{"href":"https:\/\/revistabife.com\/index.php\/wp-json\/wp\/v2\/types\/post"}],"author":[{"embeddable":true,"href":"https:\/\/revistabife.com\/index.php\/wp-json\/wp\/v2\/users\/1"}],"replies":[{"embeddable":true,"href":"https:\/\/revistabife.com\/index.php\/wp-json\/wp\/v2\/comments?post=29216"}],"version-history":[{"count":3,"href":"https:\/\/revistabife.com\/index.php\/wp-json\/wp\/v2\/posts\/29216\/revisions"}],"predecessor-version":[{"id":29220,"href":"https:\/\/revistabife.com\/index.php\/wp-json\/wp\/v2\/posts\/29216\/revisions\/29220"}],"wp:featuredmedia":[{"embeddable":true,"href":"https:\/\/revistabife.com\/index.php\/wp-json\/wp\/v2\/media\/12063"}],"wp:attachment":[{"href":"https:\/\/revistabife.com\/index.php\/wp-json\/wp\/v2\/media?parent=29216"}],"wp:term":[{"taxonomy":"category","embeddable":true,"href":"https:\/\/revistabife.com\/index.php\/wp-json\/wp\/v2\/categories?post=29216"},{"taxonomy":"post_tag","embeddable":true,"href":"https:\/\/revistabife.com\/index.php\/wp-json\/wp\/v2\/tags?post=29216"}],"curies":[{"name":"wp","href":"https:\/\/api.w.org\/{rel}","templated":true}]}}