{"id":29202,"date":"2023-01-09T10:57:38","date_gmt":"2023-01-09T13:57:38","guid":{"rendered":"http:\/\/revistabife.com\/?p=29202"},"modified":"2023-01-09T10:57:39","modified_gmt":"2023-01-09T13:57:39","slug":"santa-rosa-murio-una-chica-que-fue-arrollada-por-un-camion-en-la-circunvalacion","status":"publish","type":"post","link":"https:\/\/revistabife.com\/index.php\/2023\/01\/09\/santa-rosa-murio-una-chica-que-fue-arrollada-por-un-camion-en-la-circunvalacion\/","title":{"rendered":"Santa Rosa: Muri\u00f3 una chica que fue arrollada por un cami\u00f3n en la Circunvalaci\u00f3n"},"content":{"rendered":"\n<p class=\"has-drop-cap has-medium-font-size\">Una joven de 36 a\u00f1os, identificada como Romina Alejandra Holzmann, muri\u00f3 este lunes a la ma\u00f1ana luego de un tr\u00e1gico accidente ocurrido sobre la avenida Circunvalaci\u00f3n, en cercan\u00edas del supermercado Chango M\u00e1s.<\/p>\n\n\n\n<p class=\"has-medium-font-size\">La joven se movilizaba en una Motomel 110 y fue embestida por cami\u00f3n VolksWagen.<\/p>\n\n\n\n<p class=\"has-medium-font-size\">Holzmann fue trasladada en un primer momento al &#8220;Hospital &#8220;Dr. Lucio Molas&#8221; como consecuencia de las graves heridas que sufri\u00f3. Sin embargo, lamentablemente, no pudo recuperarse de las heridas recibidas y falleci\u00f3.<\/p>\n\n\n\n<p class=\"has-medium-font-size\">El conductor del cami\u00f3n fue identificado como Mart\u00edn Federico Milla, domiciliado en la localidad de Toay.\n\n<\/p>\n","protected":false},"excerpt":{"rendered":"<p>Una joven de 36 a\u00f1os, identificada como Romina Alejandra Holzmann, muri\u00f3 este lunes a la<\/p>\n","protected":false},"author":1,"featured_media":29207,"comment_status":"closed","ping_status":"open","sticky":false,"template":"","format":"standard","meta":{"om_disable_all_campaigns":false,"_monsterinsights_skip_tracking":false,"_monsterinsights_sitenote_active":false,"_monsterinsights_sitenote_note":"","_monsterinsights_sitenote_category":0,"_uf_show_specific_survey":0,"_uf_disable_surveys":false,"footnotes":""},"categories":[32,1913],"tags":[],"class_list":["post-29202","post","type-post","status-publish","format-standard","has-post-thumbnail","hentry","category-actualidad","category-porvinciales"],"aioseo_notices":[],"_links":{"self":[{"href":"https:\/\/revistabife.com\/index.php\/wp-json\/wp\/v2\/posts\/29202"}],"collection":[{"href":"https:\/\/revistabife.com\/index.php\/wp-json\/wp\/v2\/posts"}],"about":[{"href":"https:\/\/revistabife.com\/index.php\/wp-json\/wp\/v2\/types\/post"}],"author":[{"embeddable":true,"href":"https:\/\/revistabife.com\/index.php\/wp-json\/wp\/v2\/users\/1"}],"replies":[{"embeddable":true,"href":"https:\/\/revistabife.com\/index.php\/wp-json\/wp\/v2\/comments?post=29202"}],"version-history":[{"count":1,"href":"https:\/\/revistabife.com\/index.php\/wp-json\/wp\/v2\/posts\/29202\/revisions"}],"predecessor-version":[{"id":29211,"href":"https:\/\/revistabife.com\/index.php\/wp-json\/wp\/v2\/posts\/29202\/revisions\/29211"}],"wp:featuredmedia":[{"embeddable":true,"href":"https:\/\/revistabife.com\/index.php\/wp-json\/wp\/v2\/media\/29207"}],"wp:attachment":[{"href":"https:\/\/revistabife.com\/index.php\/wp-json\/wp\/v2\/media?parent=29202"}],"wp:term":[{"taxonomy":"category","embeddable":true,"href":"https:\/\/revistabife.com\/index.php\/wp-json\/wp\/v2\/categories?post=29202"},{"taxonomy":"post_tag","embeddable":true,"href":"https:\/\/revistabife.com\/index.php\/wp-json\/wp\/v2\/tags?post=29202"}],"curies":[{"name":"wp","href":"https:\/\/api.w.org\/{rel}","templated":true}]}}