{"id":29195,"date":"2023-01-09T10:40:31","date_gmt":"2023-01-09T13:40:31","guid":{"rendered":"http:\/\/revistabife.com\/?p=29195"},"modified":"2023-01-09T10:40:32","modified_gmt":"2023-01-09T13:40:32","slug":"continua-profugo-el-agresor-que-intento-violar-a-una-chica-en-la-laguna-don-tomas","status":"publish","type":"post","link":"https:\/\/revistabife.com\/index.php\/2023\/01\/09\/continua-profugo-el-agresor-que-intento-violar-a-una-chica-en-la-laguna-don-tomas\/","title":{"rendered":"Contin\u00faa pr\u00f3fugo el agresor que intent\u00f3 violar a una chica en la laguna Don Tom\u00e1s"},"content":{"rendered":"\n<p class=\"has-drop-cap has-medium-font-size\">\n\nEste domingo en horas de la tarde y a plena luz del d\u00eda, intentaron violar a una joven en el Parque Recreativo Don Tom\u00e1s de la ciudad de Santa Rosa. El sujeto est\u00e1 pr\u00f3fugo.<\/p>\n\n\n\n<p class=\"has-medium-font-size\">Una chica denunci\u00f3 que fue atacada en la laguna Don Tom\u00e1s por un hombre que llevaba un cuchillo. La joven relat\u00f3 que el delincuente intent\u00f3 abusar sexualmente de ella y le sustrajo su tel\u00e9fono celular.<\/p>\n\n\n\n<p class=\"has-medium-font-size\">La v\u00edctima logr\u00f3 escapar y, en estado de shock, realiz\u00f3 la denuncia ante la Polic\u00eda.<\/p>\n\n\n\n<p class=\"has-medium-font-size\">En cuanto a la investigaci\u00f3n, a\u00fan no hay rastros del agresor, en tanto, sigue siendo buscado por agentes de las Fuerzas de Seguridad.\n\n<\/p>\n","protected":false},"excerpt":{"rendered":"<p>Este domingo en horas de la tarde y a plena luz del d\u00eda, intentaron violar<\/p>\n","protected":false},"author":1,"featured_media":29197,"comment_status":"closed","ping_status":"open","sticky":false,"template":"","format":"standard","meta":{"om_disable_all_campaigns":false,"_monsterinsights_skip_tracking":false,"_monsterinsights_sitenote_active":false,"_monsterinsights_sitenote_note":"","_monsterinsights_sitenote_category":0,"_uf_show_specific_survey":0,"_uf_disable_surveys":false,"footnotes":""},"categories":[32,1913],"tags":[],"class_list":["post-29195","post","type-post","status-publish","format-standard","has-post-thumbnail","hentry","category-actualidad","category-porvinciales"],"aioseo_notices":[],"_links":{"self":[{"href":"https:\/\/revistabife.com\/index.php\/wp-json\/wp\/v2\/posts\/29195"}],"collection":[{"href":"https:\/\/revistabife.com\/index.php\/wp-json\/wp\/v2\/posts"}],"about":[{"href":"https:\/\/revistabife.com\/index.php\/wp-json\/wp\/v2\/types\/post"}],"author":[{"embeddable":true,"href":"https:\/\/revistabife.com\/index.php\/wp-json\/wp\/v2\/users\/1"}],"replies":[{"embeddable":true,"href":"https:\/\/revistabife.com\/index.php\/wp-json\/wp\/v2\/comments?post=29195"}],"version-history":[{"count":1,"href":"https:\/\/revistabife.com\/index.php\/wp-json\/wp\/v2\/posts\/29195\/revisions"}],"predecessor-version":[{"id":29198,"href":"https:\/\/revistabife.com\/index.php\/wp-json\/wp\/v2\/posts\/29195\/revisions\/29198"}],"wp:featuredmedia":[{"embeddable":true,"href":"https:\/\/revistabife.com\/index.php\/wp-json\/wp\/v2\/media\/29197"}],"wp:attachment":[{"href":"https:\/\/revistabife.com\/index.php\/wp-json\/wp\/v2\/media?parent=29195"}],"wp:term":[{"taxonomy":"category","embeddable":true,"href":"https:\/\/revistabife.com\/index.php\/wp-json\/wp\/v2\/categories?post=29195"},{"taxonomy":"post_tag","embeddable":true,"href":"https:\/\/revistabife.com\/index.php\/wp-json\/wp\/v2\/tags?post=29195"}],"curies":[{"name":"wp","href":"https:\/\/api.w.org\/{rel}","templated":true}]}}