{"id":29192,"date":"2023-01-09T09:51:10","date_gmt":"2023-01-09T12:51:10","guid":{"rendered":"http:\/\/revistabife.com\/?p=29192"},"modified":"2023-01-09T09:51:11","modified_gmt":"2023-01-09T12:51:11","slug":"desde-hoy-lunes-energia-y-telecomunicaciones-de-la-cpe-se-pagan-en-la-usina","status":"publish","type":"post","link":"https:\/\/revistabife.com\/index.php\/2023\/01\/09\/desde-hoy-lunes-energia-y-telecomunicaciones-de-la-cpe-se-pagan-en-la-usina\/","title":{"rendered":"Desde hoy lunes Energ\u00eda y Telecomunicaciones de la CPE se pagan en La Usina"},"content":{"rendered":"\n<p class=\"has-drop-cap has-medium-font-size\">El sal\u00f3n de La Usina, ubicado sobre avenida 1\u00ba de Mayo, entre Ra\u00fal B. D\u00edaz y Joaqu\u00edn Ferro, desde el pr\u00f3ximo lunes 9 de enero ser\u00e1 el lugar de atenci\u00f3n a las y los asociados de los servicios de Energ\u00eda El\u00e9ctrica, Telecomunicaciones y Cr\u00e9ditos y Cobranzas de la CPE. <\/p>\n\n\n\n<p class=\"has-medium-font-size\">Para facilitar los tr\u00e1mites, el horario de atenci\u00f3n se unifica de lunes a viernes de 7 a 13 horas. Tambi\u00e9n funcionar\u00e1n las cajas para el pago de facturas de todos los servicios de la Cooperativa.<\/p>\n\n\n\n<p class=\"has-medium-font-size\">El colapso del techo de un sector de atenci\u00f3n al p\u00fablico que funcionaba en Ra\u00fal B. D\u00edaz 218, ocurrido el pasado domingo 1 de enero, oblig\u00f3 a reubicar oficinas que prestaban servicios en la sede central. <\/p>\n\n\n\n<p class=\"has-medium-font-size\">La correspondencia dirigida a la CPE se recibe en la Porter\u00eda ubicada en calle Joaqu\u00edn Ferro, entre 1\u00ba de Mayo y Catamarca. <\/p>\n","protected":false},"excerpt":{"rendered":"<p>El sal\u00f3n de La Usina, ubicado sobre avenida 1\u00ba de Mayo, entre Ra\u00fal B. D\u00edaz<\/p>\n","protected":false},"author":1,"featured_media":29193,"comment_status":"closed","ping_status":"open","sticky":false,"template":"","format":"standard","meta":{"om_disable_all_campaigns":false,"_monsterinsights_skip_tracking":false,"_monsterinsights_sitenote_active":false,"_monsterinsights_sitenote_note":"","_monsterinsights_sitenote_category":0,"_uf_show_specific_survey":0,"_uf_disable_surveys":false,"footnotes":""},"categories":[32,1913],"tags":[],"class_list":["post-29192","post","type-post","status-publish","format-standard","has-post-thumbnail","hentry","category-actualidad","category-porvinciales"],"aioseo_notices":[],"_links":{"self":[{"href":"https:\/\/revistabife.com\/index.php\/wp-json\/wp\/v2\/posts\/29192"}],"collection":[{"href":"https:\/\/revistabife.com\/index.php\/wp-json\/wp\/v2\/posts"}],"about":[{"href":"https:\/\/revistabife.com\/index.php\/wp-json\/wp\/v2\/types\/post"}],"author":[{"embeddable":true,"href":"https:\/\/revistabife.com\/index.php\/wp-json\/wp\/v2\/users\/1"}],"replies":[{"embeddable":true,"href":"https:\/\/revistabife.com\/index.php\/wp-json\/wp\/v2\/comments?post=29192"}],"version-history":[{"count":1,"href":"https:\/\/revistabife.com\/index.php\/wp-json\/wp\/v2\/posts\/29192\/revisions"}],"predecessor-version":[{"id":29194,"href":"https:\/\/revistabife.com\/index.php\/wp-json\/wp\/v2\/posts\/29192\/revisions\/29194"}],"wp:featuredmedia":[{"embeddable":true,"href":"https:\/\/revistabife.com\/index.php\/wp-json\/wp\/v2\/media\/29193"}],"wp:attachment":[{"href":"https:\/\/revistabife.com\/index.php\/wp-json\/wp\/v2\/media?parent=29192"}],"wp:term":[{"taxonomy":"category","embeddable":true,"href":"https:\/\/revistabife.com\/index.php\/wp-json\/wp\/v2\/categories?post=29192"},{"taxonomy":"post_tag","embeddable":true,"href":"https:\/\/revistabife.com\/index.php\/wp-json\/wp\/v2\/tags?post=29192"}],"curies":[{"name":"wp","href":"https:\/\/api.w.org\/{rel}","templated":true}]}}