{"id":29189,"date":"2023-01-09T09:36:40","date_gmt":"2023-01-09T12:36:40","guid":{"rendered":"http:\/\/revistabife.com\/?p=29189"},"modified":"2023-01-09T09:36:41","modified_gmt":"2023-01-09T12:36:41","slug":"brasil-al-menos-400-detenidos-tras-el-asalto-a-las-sedes-de-los-tres-poderes","status":"publish","type":"post","link":"https:\/\/revistabife.com\/index.php\/2023\/01\/09\/brasil-al-menos-400-detenidos-tras-el-asalto-a-las-sedes-de-los-tres-poderes\/","title":{"rendered":"Brasil: al menos 400 detenidos tras el asalto a las sedes de los tres Poderes"},"content":{"rendered":"\n<p class=\"has-drop-cap has-medium-font-size\">Seguidores de Jair Bolsonaro irrumpieron en los edificios Congreso, el Palacio del Planalto (sede de Gobierno) y el Supremo Tribunal de Federal (STF) durante una manifestaci\u00f3n para pedir un golpe de Estado contra el presidente Lula da Silva; el mandatario decret\u00f3 la intervenci\u00f3n federal de los organismos de seguridad en Brasilia y el gobernador fue apartado por 90 d\u00edas.<\/p>\n\n\n\n<figure class=\"wp-block-image\"><img decoding=\"async\" src=\"https:\/\/assets.dev-filo.dift.io\/img\/2023\/01\/09\/sin_ttulo-19271_sq.jpg\" alt=\"Brasil: al menos 400 detenidos tras el asalto a las sedes de los tres Poderes\"\/><figcaption><em>(Manifestantes pro-Bolsonaro se manifiestan en Brasilia contra el presidente Lula da Silva. | Foto: Reuters.)<\/em><\/figcaption><\/figure>\n\n\n\n<p class=\"has-medium-font-size\">Al menos\u00a0400 personas fueron detenidas\u00a0en Brasilia por haber invadido y destrozado el Congreso, el Palacio del Planalto (sede de Gobierno) y el Supremo Tribunal de Federal (STF),\u00a0durante la multitudinaria manifestaci\u00f3n de seguidores del ex presidente Jair Bolsonaro, que buscaban derrocar al presidente Lula da Silva.<\/p>\n\n\n\n<p class=\"has-medium-font-size\">&#8220;Vengo a informar que m\u00e1s de 400 personas fueron detenidas y pagar\u00e1n por los cr\u00edmenes cometidos, trabajamos para identificar a los que participaron de los actos terroristas&#8221;, inform\u00f3 el gobernador de Brasilia, Ibaneis Rocha.<\/p>\n\n\n\n<p class=\"has-medium-font-size\">Los detenidos fueron llevados a las sedes de la Polic\u00eda Civil (investigaciones) de Brasilia, y Rocha ech\u00f3 al secretario de Seguridad de la capital, Anderson Torres, ex ministro de Justicia de Bolsonaro, acusado de liberar la zona.<\/p>\n\n\n\n<p class=\"has-medium-font-size\">El gobernador local es aliado del ex presidente y ayer se disculp\u00f3 con Lula por el intento de golpe. M\u00e1s tarde,\u00a0Rocha ser\u00eda apartado de su cargo por 90 d\u00edas\u00a0por el ministro Alexandre de Moraes, del Supremo Tribunal Federal (STF), inform\u00f3 O\u2019Globo.<\/p>\n\n\n\n<p class=\"has-medium-font-size\">Fuerzas de seguridad hab\u00edan recuperado esta ma\u00f1ana el control de los tres poderes\u00a0tras una operaci\u00f3n que convirti\u00f3 Brasilia en una zona de guerra, a ra\u00edz de la acci\u00f3n de los seguidores de Bolsonaro, que piden un golpe de Estado.<\/p>\n\n\n\n<p class=\"has-medium-font-size\">Lula, en tanto, decret\u00f3 la intervenci\u00f3n federal por 30 d\u00edas de la seguridad del Estado.<\/p>\n\n\n\n<p class=\"has-medium-font-size\">El Presidente recorri\u00f3 anoche la zona para evaluar los destrozos. &#8220;Todos los v\u00e1ndalos ser\u00e1n encontrados y castigados&#8221;, advirti\u00f3 antes.<\/p>\n","protected":false},"excerpt":{"rendered":"<p>Seguidores de Jair Bolsonaro irrumpieron en los edificios Congreso, el Palacio del Planalto (sede de<\/p>\n","protected":false},"author":1,"featured_media":29190,"comment_status":"closed","ping_status":"open","sticky":false,"template":"","format":"standard","meta":{"om_disable_all_campaigns":false,"_monsterinsights_skip_tracking":false,"_monsterinsights_sitenote_active":false,"_monsterinsights_sitenote_note":"","_monsterinsights_sitenote_category":0,"_uf_show_specific_survey":0,"_uf_disable_surveys":false,"footnotes":""},"categories":[32,1913],"tags":[],"class_list":["post-29189","post","type-post","status-publish","format-standard","has-post-thumbnail","hentry","category-actualidad","category-porvinciales"],"aioseo_notices":[],"_links":{"self":[{"href":"https:\/\/revistabife.com\/index.php\/wp-json\/wp\/v2\/posts\/29189"}],"collection":[{"href":"https:\/\/revistabife.com\/index.php\/wp-json\/wp\/v2\/posts"}],"about":[{"href":"https:\/\/revistabife.com\/index.php\/wp-json\/wp\/v2\/types\/post"}],"author":[{"embeddable":true,"href":"https:\/\/revistabife.com\/index.php\/wp-json\/wp\/v2\/users\/1"}],"replies":[{"embeddable":true,"href":"https:\/\/revistabife.com\/index.php\/wp-json\/wp\/v2\/comments?post=29189"}],"version-history":[{"count":1,"href":"https:\/\/revistabife.com\/index.php\/wp-json\/wp\/v2\/posts\/29189\/revisions"}],"predecessor-version":[{"id":29191,"href":"https:\/\/revistabife.com\/index.php\/wp-json\/wp\/v2\/posts\/29189\/revisions\/29191"}],"wp:featuredmedia":[{"embeddable":true,"href":"https:\/\/revistabife.com\/index.php\/wp-json\/wp\/v2\/media\/29190"}],"wp:attachment":[{"href":"https:\/\/revistabife.com\/index.php\/wp-json\/wp\/v2\/media?parent=29189"}],"wp:term":[{"taxonomy":"category","embeddable":true,"href":"https:\/\/revistabife.com\/index.php\/wp-json\/wp\/v2\/categories?post=29189"},{"taxonomy":"post_tag","embeddable":true,"href":"https:\/\/revistabife.com\/index.php\/wp-json\/wp\/v2\/tags?post=29189"}],"curies":[{"name":"wp","href":"https:\/\/api.w.org\/{rel}","templated":true}]}}