{"id":29186,"date":"2023-01-09T09:17:18","date_gmt":"2023-01-09T12:17:18","guid":{"rendered":"http:\/\/revistabife.com\/?p=29186"},"modified":"2023-01-09T09:17:20","modified_gmt":"2023-01-09T12:17:20","slug":"quisieron-violar-a-una-chica-en-la-laguna-don-tomas-a-plena-luz-del-dia","status":"publish","type":"post","link":"https:\/\/revistabife.com\/index.php\/2023\/01\/09\/quisieron-violar-a-una-chica-en-la-laguna-don-tomas-a-plena-luz-del-dia\/","title":{"rendered":"Quisieron violar a una chica en la Laguna Don Tom\u00e1s a plena luz del d\u00eda"},"content":{"rendered":"\n<p class=\"has-drop-cap has-medium-font-size\">\n\nUna joven que corr\u00eda alrededor de la Laguna Don Tom\u00e1s sufri\u00f3 un intento de violaci\u00f3n alrededor de las 18:40 horas en el tramo que va desde &#8220;La Cruz&#8221; a la &#8220;Isla de los Ni\u00f1os&#8221;.<\/p>\n\n\n\n<p class=\"has-medium-font-size\">&#8220;Hac\u00eda mucho calor todav\u00eda y este hombre se habr\u00eda aprovechado por el hecho que casi no hab\u00eda gente dando vuelta a la laguna&#8230; el movimiento se empez\u00f3 a notar despu\u00e9s de esa hora por las altas temperaturas&#8221;, contaron desde la Polic\u00eda.<\/p>\n\n\n\n<p class=\"has-medium-font-size\">Luego de la denuncia de la mujer, que tuvo recibir ayuda m\u00e9dica y psicol\u00f3gica porque estaba bajo un fuerte estado de shock, en las inmediaciones se mont\u00f3 un amplio operativo policial.<\/p>\n\n\n\n<p class=\"has-medium-font-size\">A partir de la descripci\u00f3n f\u00edsica y de las ropas que vest\u00eda, varios patrulleros y motoristas de la polic\u00eda buscaron al hombre, que actu\u00f3 con un cuchillo.<\/p>\n\n\n\n<p class=\"has-medium-font-size\">A\u00fan no est\u00e1 claro c\u00f3mo ocurrieron los hechos, pero s\u00ed est\u00e1 claro que la v\u00edctima logr\u00f3 escapar y dar aviso a la polic\u00eda.<\/p>\n\n\n\n<p class=\"has-medium-font-size\">&#8220;Despu\u00e9s de las primeras intervenciones, el caso ya qued\u00f3 en manos de la Unidad Funcional de G\u00e9nero y del fiscal correspondiente&#8230; lo que se investiga ahora en principio es un abuso&#8221;, agreg\u00f3 personal uniformado.\n\n<\/p>\n","protected":false},"excerpt":{"rendered":"<p>Una joven que corr\u00eda alrededor de la Laguna Don Tom\u00e1s sufri\u00f3 un intento de violaci\u00f3n<\/p>\n","protected":false},"author":1,"featured_media":29187,"comment_status":"closed","ping_status":"open","sticky":false,"template":"","format":"standard","meta":{"om_disable_all_campaigns":false,"_monsterinsights_skip_tracking":false,"_monsterinsights_sitenote_active":false,"_monsterinsights_sitenote_note":"","_monsterinsights_sitenote_category":0,"_uf_show_specific_survey":0,"_uf_disable_surveys":false,"footnotes":""},"categories":[32,1913],"tags":[],"class_list":["post-29186","post","type-post","status-publish","format-standard","has-post-thumbnail","hentry","category-actualidad","category-porvinciales"],"aioseo_notices":[],"_links":{"self":[{"href":"https:\/\/revistabife.com\/index.php\/wp-json\/wp\/v2\/posts\/29186"}],"collection":[{"href":"https:\/\/revistabife.com\/index.php\/wp-json\/wp\/v2\/posts"}],"about":[{"href":"https:\/\/revistabife.com\/index.php\/wp-json\/wp\/v2\/types\/post"}],"author":[{"embeddable":true,"href":"https:\/\/revistabife.com\/index.php\/wp-json\/wp\/v2\/users\/1"}],"replies":[{"embeddable":true,"href":"https:\/\/revistabife.com\/index.php\/wp-json\/wp\/v2\/comments?post=29186"}],"version-history":[{"count":1,"href":"https:\/\/revistabife.com\/index.php\/wp-json\/wp\/v2\/posts\/29186\/revisions"}],"predecessor-version":[{"id":29188,"href":"https:\/\/revistabife.com\/index.php\/wp-json\/wp\/v2\/posts\/29186\/revisions\/29188"}],"wp:featuredmedia":[{"embeddable":true,"href":"https:\/\/revistabife.com\/index.php\/wp-json\/wp\/v2\/media\/29187"}],"wp:attachment":[{"href":"https:\/\/revistabife.com\/index.php\/wp-json\/wp\/v2\/media?parent=29186"}],"wp:term":[{"taxonomy":"category","embeddable":true,"href":"https:\/\/revistabife.com\/index.php\/wp-json\/wp\/v2\/categories?post=29186"},{"taxonomy":"post_tag","embeddable":true,"href":"https:\/\/revistabife.com\/index.php\/wp-json\/wp\/v2\/tags?post=29186"}],"curies":[{"name":"wp","href":"https:\/\/api.w.org\/{rel}","templated":true}]}}