{"id":29180,"date":"2023-01-08T12:51:21","date_gmt":"2023-01-08T15:51:21","guid":{"rendered":"http:\/\/revistabife.com\/?p=29180"},"modified":"2023-01-08T12:51:22","modified_gmt":"2023-01-08T15:51:22","slug":"extienden-la-convocatoria-del-fondo-editorial-pampeano-para-escritores-jovenes","status":"publish","type":"post","link":"https:\/\/revistabife.com\/index.php\/2023\/01\/08\/extienden-la-convocatoria-del-fondo-editorial-pampeano-para-escritores-jovenes\/","title":{"rendered":"Extienden la convocatoria del Fondo Editorial Pampeano para escritores j\u00f3venes"},"content":{"rendered":"\n<p class=\"has-drop-cap has-medium-font-size\">Destinada a j\u00f3venes pampeanos de 14 a 25 a\u00f1os el Gobierno de La Pampa, a trav\u00e9s de la Secretar\u00eda de Cultura, extendi\u00f3 hasta el viernes 10 de marzo de 2023 el plazo de entrega de obras de la convocatoria del Fondo Editorial Pampeano (FEP).&nbsp;Esta convocatoria del Fondo Editorial Pampeano es&nbsp;para una publicaci\u00f3n formato antolog\u00eda, en poes\u00eda y narrativa (relatos o cuentos breves).<\/p>\n\n\n\n<p class=\"has-medium-font-size\"><strong>Los requisitos son:<\/strong><br>&#8211; Pueden participar todas las personas que acrediten una residencia no inferior a cinco (5) a\u00f1os en la Provincia.<\/p>\n\n\n\n<p class=\"has-medium-font-size\">&#8211; Las obras deber\u00e1n ser originales e in\u00e9ditas en todos los soportes. No se admitir\u00e1n aquellas que sean una adaptaci\u00f3n de otros originales u obras literarias.<\/p>\n\n\n\n<p class=\"has-medium-font-size\">&#8211; Para Poes\u00eda se recibir\u00e1n tres copias de hasta tres (3) poemas por autor\/a.<\/p>\n\n\n\n<p class=\"has-medium-font-size\">&#8211; En Narrativa se recibir\u00e1n tres copias de hasta dos (2) relatos o cuentos breves y la extensi\u00f3n, por cada uno, no deber\u00e1 superar dos p\u00e1ginas (formato A4 y simple faz).<\/p>\n\n\n\n<p class=\"has-medium-font-size\">Las obras a entregar deber\u00e1n estar firmadas con seud\u00f3nimo y acompa\u00f1adas de un sobre aparte, cerrado, que consigne en su exterior el seud\u00f3nimo correspondiente y en el interior los siguientes datos: apellido y nombres, n\u00famero de documento, fecha y lugar de nacimiento, domicilio actual, tel\u00e9fono, redes sociales, tiempo de residencia en La Pampa y t\u00edtulo de la obra. De no cumplir con este requisito, la presentaci\u00f3n ser\u00e1 excluida.<\/p>\n\n\n\n<p class=\"has-medium-font-size\">Todas las obras ser\u00e1n evaluadas por un jurado de pre-selecci\u00f3n, quien elevar\u00e1 su decisi\u00f3n a un jurado final y su posterior consideraci\u00f3n de qu\u00e9 obras publicar.<\/p>\n\n\n\n<p class=\"has-medium-font-size\">Para Poes\u00eda, el jurado de pre-selecci\u00f3n podr\u00e1 recomendar hasta 70 poemas, en total, y en el caso de Narrativa, hasta 50 cuentos o relatos breves.<\/p>\n\n\n\n<p class=\"has-medium-font-size\">Para el caso de los menores de 18 a\u00f1os, deber\u00e1n acompa\u00f1ar las obras con una carta -a modo de declaraci\u00f3n jurada- de un adulto mayor responsable que autorice la participaci\u00f3n en el certamen. No se admitir\u00e1n obras colectivas ni letras de canciones. No se establecer\u00e1 pago alguno por derecho de autor y las publicaciones ser\u00e1n de distribuci\u00f3n gratuita. Cada autor\/a recibir\u00e1 5 ejemplares papel.<\/p>\n\n\n\n<p class=\"has-medium-font-size\">Cualquier otra circunstancia ser\u00e1 resuelta por la Secretar\u00eda de Cultura.<br>Los sobres deber\u00e1n entregarse personalmente en el Centro Cultural Medasur de Santa Rosa y en las \u00e1reas de Cultura municipales de cada localidad, en este caso solicitando\u00a0en el sobre su\u00a0env\u00edo a la Secretar\u00eda de Cultura del Gobierno Provincial. No se aceptar\u00e1n env\u00edos digitales.<\/p>\n\n\n\n<p class=\"has-medium-font-size\">Los interesados deber\u00e1n enviar las tres copias de su obra junto al sobre con sus datos, a la Secretar\u00eda de Cultura, Edificio CC Medasur, Avenida Belgrano Sur 180 (Segundo Piso), CP 6300, Santa Rosa. Para mayor informaci\u00f3n llamar al (02954) 70 3345 \/ 70 3284 o al correo electr\u00f3nico:\u00a0<a rel=\"noreferrer noopener\" href=\"mailto:culturapublicaciones@lapampa.gob.ar\" target=\"_blank\">culturapublicaciones@lapampa.gob.ar<\/a>\u00a0y a\u00a0<a rel=\"noreferrer noopener\" href=\"mailto:lapampaferiadellibro@gmail.com\" target=\"_blank\">lapampaferiadellibro@gmail.com<\/a><br><\/p>\n","protected":false},"excerpt":{"rendered":"<p>Destinada a j\u00f3venes pampeanos de 14 a 25 a\u00f1os el Gobierno de La Pampa, a<\/p>\n","protected":false},"author":1,"featured_media":29181,"comment_status":"closed","ping_status":"open","sticky":false,"template":"","format":"standard","meta":{"om_disable_all_campaigns":false,"_monsterinsights_skip_tracking":false,"_monsterinsights_sitenote_active":false,"_monsterinsights_sitenote_note":"","_monsterinsights_sitenote_category":0,"_uf_show_specific_survey":0,"_uf_disable_surveys":false,"footnotes":""},"categories":[32,1913],"tags":[],"class_list":["post-29180","post","type-post","status-publish","format-standard","has-post-thumbnail","hentry","category-actualidad","category-porvinciales"],"aioseo_notices":[],"_links":{"self":[{"href":"https:\/\/revistabife.com\/index.php\/wp-json\/wp\/v2\/posts\/29180"}],"collection":[{"href":"https:\/\/revistabife.com\/index.php\/wp-json\/wp\/v2\/posts"}],"about":[{"href":"https:\/\/revistabife.com\/index.php\/wp-json\/wp\/v2\/types\/post"}],"author":[{"embeddable":true,"href":"https:\/\/revistabife.com\/index.php\/wp-json\/wp\/v2\/users\/1"}],"replies":[{"embeddable":true,"href":"https:\/\/revistabife.com\/index.php\/wp-json\/wp\/v2\/comments?post=29180"}],"version-history":[{"count":1,"href":"https:\/\/revistabife.com\/index.php\/wp-json\/wp\/v2\/posts\/29180\/revisions"}],"predecessor-version":[{"id":29182,"href":"https:\/\/revistabife.com\/index.php\/wp-json\/wp\/v2\/posts\/29180\/revisions\/29182"}],"wp:featuredmedia":[{"embeddable":true,"href":"https:\/\/revistabife.com\/index.php\/wp-json\/wp\/v2\/media\/29181"}],"wp:attachment":[{"href":"https:\/\/revistabife.com\/index.php\/wp-json\/wp\/v2\/media?parent=29180"}],"wp:term":[{"taxonomy":"category","embeddable":true,"href":"https:\/\/revistabife.com\/index.php\/wp-json\/wp\/v2\/categories?post=29180"},{"taxonomy":"post_tag","embeddable":true,"href":"https:\/\/revistabife.com\/index.php\/wp-json\/wp\/v2\/tags?post=29180"}],"curies":[{"name":"wp","href":"https:\/\/api.w.org\/{rel}","templated":true}]}}