{"id":27268,"date":"2022-09-09T10:18:46","date_gmt":"2022-09-09T13:18:46","guid":{"rendered":"http:\/\/revistabife.com\/?p=27268"},"modified":"2022-09-09T10:18:48","modified_gmt":"2022-09-09T13:18:48","slug":"cortes-programados-de-la-cpe-para-este-viernes","status":"publish","type":"post","link":"https:\/\/revistabife.com\/index.php\/2022\/09\/09\/cortes-programados-de-la-cpe-para-este-viernes\/","title":{"rendered":"Cortes programados de la CPE para este viernes"},"content":{"rendered":"\n<p class=\"has-drop-cap has-medium-font-size\">La CPE recuerda que este\u00a0<strong>viernes 9 de septiembre<\/strong>\u00a0habr\u00e1 dos cortes programados de energ\u00eda el\u00e9ctrica. <\/p>\n\n\n\n<p class=\"has-medium-font-size\">Uno ser\u00e1 desde las 8 a las 11 horas, en la zona delimitada por Avenida Per\u00f3n, \u00d1and\u00fa, Perdiz y Gallareta del\u00a0<strong>barrio Lowo Che, en Toay<\/strong>. Se realizar\u00e1n tareas de mantenimientos de l\u00edneas de media tensi\u00f3n.<\/p>\n\n\n\n<p class=\"has-medium-font-size\">El corte restante ser\u00e1 entre las 14 y las 16 horas, en la zona delimitada por las avenidas Belgrano Sur, Argentino Valle y Luro, y calle Maestros Pampeanos, del barrio\u00a0<strong>Villa Elvina, en Santa Rosa<\/strong>. <\/p>\n\n\n\n<p class=\"has-medium-font-size\">En este caso se realizar\u00e1n tareas de mantenimiento en la subestaci\u00f3n transformadora que abastece la zona mencionada. <\/p>\n","protected":false},"excerpt":{"rendered":"<p>La CPE recuerda que este\u00a0viernes 9 de septiembre\u00a0habr\u00e1 dos cortes programados de energ\u00eda el\u00e9ctrica. Uno<\/p>\n","protected":false},"author":1,"featured_media":2665,"comment_status":"closed","ping_status":"open","sticky":false,"template":"","format":"standard","meta":{"om_disable_all_campaigns":false,"_monsterinsights_skip_tracking":false,"_monsterinsights_sitenote_active":false,"_monsterinsights_sitenote_note":"","_monsterinsights_sitenote_category":0,"_uf_show_specific_survey":0,"_uf_disable_surveys":false,"footnotes":""},"categories":[32,1913],"tags":[],"class_list":["post-27268","post","type-post","status-publish","format-standard","has-post-thumbnail","hentry","category-actualidad","category-porvinciales"],"aioseo_notices":[],"_links":{"self":[{"href":"https:\/\/revistabife.com\/index.php\/wp-json\/wp\/v2\/posts\/27268"}],"collection":[{"href":"https:\/\/revistabife.com\/index.php\/wp-json\/wp\/v2\/posts"}],"about":[{"href":"https:\/\/revistabife.com\/index.php\/wp-json\/wp\/v2\/types\/post"}],"author":[{"embeddable":true,"href":"https:\/\/revistabife.com\/index.php\/wp-json\/wp\/v2\/users\/1"}],"replies":[{"embeddable":true,"href":"https:\/\/revistabife.com\/index.php\/wp-json\/wp\/v2\/comments?post=27268"}],"version-history":[{"count":1,"href":"https:\/\/revistabife.com\/index.php\/wp-json\/wp\/v2\/posts\/27268\/revisions"}],"predecessor-version":[{"id":27269,"href":"https:\/\/revistabife.com\/index.php\/wp-json\/wp\/v2\/posts\/27268\/revisions\/27269"}],"wp:featuredmedia":[{"embeddable":true,"href":"https:\/\/revistabife.com\/index.php\/wp-json\/wp\/v2\/media\/2665"}],"wp:attachment":[{"href":"https:\/\/revistabife.com\/index.php\/wp-json\/wp\/v2\/media?parent=27268"}],"wp:term":[{"taxonomy":"category","embeddable":true,"href":"https:\/\/revistabife.com\/index.php\/wp-json\/wp\/v2\/categories?post=27268"},{"taxonomy":"post_tag","embeddable":true,"href":"https:\/\/revistabife.com\/index.php\/wp-json\/wp\/v2\/tags?post=27268"}],"curies":[{"name":"wp","href":"https:\/\/api.w.org\/{rel}","templated":true}]}}