{"id":26816,"date":"2022-08-13T10:27:13","date_gmt":"2022-08-13T13:27:13","guid":{"rendered":"http:\/\/revistabife.com\/?p=26816"},"modified":"2022-08-13T10:27:20","modified_gmt":"2022-08-13T13:27:20","slug":"ziliotto-encabezo-la-licitacion-de-200-viviendas-y-dos-jardines-de-infantes-en-pico","status":"publish","type":"post","link":"https:\/\/revistabife.com\/index.php\/2022\/08\/13\/ziliotto-encabezo-la-licitacion-de-200-viviendas-y-dos-jardines-de-infantes-en-pico\/","title":{"rendered":"Ziliotto encabez\u00f3 la licitaci\u00f3n de 200 viviendas y dos jardines de infantes en Pico"},"content":{"rendered":"\n<p class=\"has-drop-cap has-medium-font-size\">\u201cSon momentos en los que el rol del Estado tiene que ser claro, moviendo la econom\u00eda a partir de la inversi\u00f3n p\u00fablica y apuntando a que se mantenga el nivel de consumo&#8221;, dijo el gobernador Sergio Ziliotto en ocasi\u00f3n de encabezar hoy, en General Pico, \u00a0las licitaciones de \u00a0200 viviendas de la operatoria nacional \u201cCasa Propia\u201d y de dos Jardines de Infantes Nucleados. Las obras prev\u00e9n una inversi\u00f3n de\u00a0 $ 1.986.453.365,06. \u00a0 <\/p>\n\n\n\n<p class=\"has-medium-font-size\">\u00a0El mandatario pampeano fue recibido por la intendenta Fernanda Alonso y acompa\u00f1ado por el ministro de Obras y Servicios P\u00fablicos, Julio Rojo; el ministro de Educaci\u00f3n, Pablo Maccione; el presidente del IPAV, Jorge Lezcano. Estuvieron presentes tambi\u00e9n las diputadas Carina Pereyra y Lilia Caimari, el legislador Mart\u00edn Balsa, concejales y representantes de las empresas oferentes.<br><br><strong>Concreciones y respuestas<\/strong><br>\u201cCada visita del Gobernador nos trae la posibilidad de seguir concretando obras y dar respuestas a necesidades que tenemos&#8221;, afirm\u00f3 la intendenta Alonso y destac\u00f3 que \u201cen este caso es nada m\u00e1s y nada menos que la inversi\u00f3n en educaci\u00f3n y en vivienda, dos pilares tan importantes en la vida de cualquier ser humano\u201d.<\/p>\n\n\n\n<p class=\"has-medium-font-size\">La jefa comunal detall\u00f3 que \u201cson dos mil millones los que est\u00e1n siendo invertidos, que General Pico necesita y ven\u00eda esperando desde hace mucho tiempo la posibilidad de retomar este ejercicio del acceso del derecho a la vivienda, al cual siempre nos tuvo acostumbrados el gobierno de La Pampa\u201d.<\/p>\n\n\n\n<p class=\"has-medium-font-size\">\u201cPasaron cosas, pasaron gobiernos, y tuvimos la interrupci\u00f3n de esta pol\u00edtica p\u00fablica. Por eso hay familias que esperan ansiosamente este derecho\u201d, ampli\u00f3 la jefa comunal.<\/p>\n\n\n\n<p class=\"has-medium-font-size\">Para concluir, Fernanda Alonso afirm\u00f3 que \u201cestos niveles de inversi\u00f3n no s\u00f3lo satisfacen las necesidades de la gente, sino que tambi\u00e9n generan empleo y eso hoy es fundamental\u201d.<br><br><strong>Cumplir la palabra<\/strong><br>El gobernador Ziliotto, mostr\u00f3 su satisfacci\u00f3n por estar en General Pico \u201cy m\u00e1s viniendo a devolver la confianza que nos dieron las y los piquenses cuando nos eligieron para administrar sus recursos. Quienes representamos al Poder Ejecutivo Provincial, acompa\u00f1amos estos anuncios que tienen un gran significado. Porque volvi\u00f3 el Fonavi, despu\u00e9s de muchos a\u00f1os, a General Pico\u201d, donde no se licitaban viviendas con recursos nacionales desde la anterior gesti\u00f3n justicialista al frente del Ejecutivo Nacional.<\/p>\n\n\n\n<p class=\"has-medium-font-size\">\u201cLo que nos moviliza -asever\u00f3 el mandatario pampeano- es cumplir con la palabra. Cuando hac\u00edamos la campa\u00f1a electoral, junto con Fernanda, dec\u00edamos que \u00edbamos a poner todo nuestro esfuerzo para mantener el nivel de actividad de la obra p\u00fablica que ven\u00edamos teniendo hist\u00f3ricamente en gobiernos justicialistas, tanto a nivel provincial como municipal. Y hoy estamos haciendo el mayor esfuerzo para devolver, con acciones, con respuestas, esa confianza que nos dio la ciudadan\u00eda en las urnas, en 2019\u201d.<\/p>\n\n\n\n<p class=\"has-medium-font-size\">El Gobernador analiz\u00f3 que \u201cdesde el punto de vista ideol\u00f3gico, la conjunci\u00f3n de estas licitaciones tiene que ver con un objetivo: fortalecer la familia. La familia crece, se desarrolla, se integra a partir de un techo propio y los principales actores de la familia son los ni\u00f1os y su educaci\u00f3n. Porque cuanto m\u00e1s invertimos en la ni\u00f1ez, mejor futuro vamos a tener como sociedad\u201d.<br><br><strong>Potenciar la actividad econ\u00f3mica es rol del Estado<\/strong><br>\u201cEsta inversi\u00f3n -dijo Ziliotto- significa un fuerte impacto econ\u00f3mico, a partir de la concepci\u00f3n de cu\u00e1l debe ser el rol del Estado. Hoy aqu\u00ed no s\u00f3lo estamos logrando una mejor calidad de vida para los destinatarios directos de esta soluci\u00f3n, sino tambi\u00e9n estamos potenciando la actividad econ\u00f3mica y generando puestos de trabajo\u201d.<\/p>\n\n\n\n<p>Explic\u00f3 que \u201cen cada una de las licitaciones, cuesta que haya empresas que se presenten, y no es que las empresas no quieran trabajar, invertir o seguir confiando en la Provincia; sino que muchas veces conseguir el recurso humano capacitado no es sencillo, son tiempos dif\u00edciles, donde la econom\u00eda tiene una gran volatilidad e incertidumbre\u201d.<\/p>\n\n\n\n<p class=\"has-medium-font-size\">\u201cEstos -enfatiz\u00f3- son momentos en los que el rol del Estado tiene que ser claro, moviendo la econom\u00eda a partir de la inversi\u00f3n p\u00fablica y apuntando a que se mantenga el nivel de consumo para reactivar la econom\u00eda de abajo hacia arriba. Siempre decimos, desde nuestra doctrina, que se activa la econom\u00eda poni\u00e9ndole la mayor cantidad de plata posible en el bolsillo a los que menos tienen, a los asalariados, a los cuentapropistas, \u00a0para que eso genere actividad econ\u00f3mica\u201d.<\/p>\n\n\n\n<p class=\"has-medium-font-size\">\u201cEs -concluy\u00f3 Ziliotto- lo que venimos haciendo, a trav\u00e9s del acompa\u00f1amiento a todos los sectores, a trav\u00e9s del Banco de La Pampa, para que ese nivel de consumo no se detenga a pesar de la crisis econ\u00f3mica que hoy est\u00e1 viviendo la Argentina y que significa que el comercio, los servicios, la industria, tengan un volumen de venta que nos permita sostener el ritmo de esa rueda virtuosa que es: mayor actividad econ\u00f3mica, mayor cantidad de puestos de trabajo, mayor calidad del salario, que es algo pendiente que tenemos en Argentina, no lo olvidamos y por eso trabajamos d\u00eda a d\u00eda\u201d.<br><br><strong>200 viviendas<\/strong><br>Se ejecutar\u00e1n a trav\u00e9s del Programa Nacional \u201cCasa Propia\u201d que prev\u00e9, en este caso, la construcci\u00f3n de 200 viviendas para General Pico divididas en cuatro zonas. La operatoria tiene presupuestos oficiales \u201ctope\u201d, se rige por el \u00edndice UVI \u2013Unidad de Vivienda- y \u00a0en el caso de estas viviendas \u00a0fue establecido en el mes de enero de este a\u00f1o, por lo que ha sido actualizado a valores de junio de 2022.<br><br>Para la Zona A -46 viviendas-\u00a0 el presupuesto actualizado asciende a $ 363.901.347,18 y present\u00f3 oferta la empresa EcoP SRL.<br><br>Para la Zona B &#8211; 46 viviendas- el presupuesto actualizado es de\u00a0 $ 363.901.347,18 y cotiz\u00f3 la empresa EcpoP SRL.<br><br>La Zona\u00a0 C \u00a0-46 viviendas- tiene un presupuesto actualizado de\u00a0 $ 363.901.347,18 y las ofertas correspondieron a las empresas Balent Eduardo Oscar y EcoP SRL.<br><br>En la Zona D \u00a0-62 viviendas- el presupuesto actualizado es de $ 490.591.417,30 y las empresas que cotizaron fueron: Construcciones G\u00f3ndolo, EcOP SRL y Balent Eduardo Oscar.<br><br><strong>JIN N\u00ba 2, refacci\u00f3n y ampliaci\u00f3n<\/strong><br>Con un Presupuesto Oficial, a junio de 2022, de $ 126.312.987,13 y un plazo de entrega de 240 d\u00edas, la propuesta consiste en ampliar dos salas a continuaci\u00f3n de las existentes y otras dos hacia el lado opuesto, dejando el SUM de por medio.<br>En tanto tambi\u00e9n se ampliar\u00e1 la superficie del SUM, que actualmente es reducido debido a que por razones de operatividad, el original fue subdividido y destinado a otras \u00e1reas. En este caso el oferente fue la empresa \u201cJorge Luis Guerrero\u201d.<br><br><strong>JIN N\u00ba 27: construcci\u00f3n<\/strong><br>Se proyectan construir seis salas con sus respectivos n\u00facleos sanitarios, cocina, sala de reuniones y SUM acorde a la matr\u00edcula proyectada. Previamente se demoler\u00e1 la construcci\u00f3n existente, para dar lugar a la nueva obra.<br>El Presupuesto Oficial, calculado a junio de 2022, asciende a la suma de\u00a0 $ 277.844.919,09 y tiene un plazo de entrega de 365 d\u00edas. Ofert\u00f3 la empresa \u201cGondean Gustavo\u201d. <\/p>\n","protected":false},"excerpt":{"rendered":"<p>\u201cSon momentos en los que el rol del Estado tiene que ser claro, moviendo la<\/p>\n","protected":false},"author":1,"featured_media":26817,"comment_status":"closed","ping_status":"open","sticky":false,"template":"","format":"standard","meta":{"om_disable_all_campaigns":false,"_monsterinsights_skip_tracking":false,"_monsterinsights_sitenote_active":false,"_monsterinsights_sitenote_note":"","_monsterinsights_sitenote_category":0,"_uf_show_specific_survey":0,"_uf_disable_surveys":false,"footnotes":""},"categories":[32],"tags":[],"class_list":["post-26816","post","type-post","status-publish","format-standard","has-post-thumbnail","hentry","category-actualidad"],"aioseo_notices":[],"_links":{"self":[{"href":"https:\/\/revistabife.com\/index.php\/wp-json\/wp\/v2\/posts\/26816"}],"collection":[{"href":"https:\/\/revistabife.com\/index.php\/wp-json\/wp\/v2\/posts"}],"about":[{"href":"https:\/\/revistabife.com\/index.php\/wp-json\/wp\/v2\/types\/post"}],"author":[{"embeddable":true,"href":"https:\/\/revistabife.com\/index.php\/wp-json\/wp\/v2\/users\/1"}],"replies":[{"embeddable":true,"href":"https:\/\/revistabife.com\/index.php\/wp-json\/wp\/v2\/comments?post=26816"}],"version-history":[{"count":1,"href":"https:\/\/revistabife.com\/index.php\/wp-json\/wp\/v2\/posts\/26816\/revisions"}],"predecessor-version":[{"id":26818,"href":"https:\/\/revistabife.com\/index.php\/wp-json\/wp\/v2\/posts\/26816\/revisions\/26818"}],"wp:featuredmedia":[{"embeddable":true,"href":"https:\/\/revistabife.com\/index.php\/wp-json\/wp\/v2\/media\/26817"}],"wp:attachment":[{"href":"https:\/\/revistabife.com\/index.php\/wp-json\/wp\/v2\/media?parent=26816"}],"wp:term":[{"taxonomy":"category","embeddable":true,"href":"https:\/\/revistabife.com\/index.php\/wp-json\/wp\/v2\/categories?post=26816"},{"taxonomy":"post_tag","embeddable":true,"href":"https:\/\/revistabife.com\/index.php\/wp-json\/wp\/v2\/tags?post=26816"}],"curies":[{"name":"wp","href":"https:\/\/api.w.org\/{rel}","templated":true}]}}