{"id":26795,"date":"2022-08-14T14:38:29","date_gmt":"2022-08-14T17:38:29","guid":{"rendered":"http:\/\/revistabife.com\/?p=26795"},"modified":"2022-08-14T14:46:22","modified_gmt":"2022-08-14T17:46:22","slug":"las-zonas-mas-calientes-de-actividad-extraterrestre-en-la-pampa-y-quique-mario-el-mayor-ufologo-de-la-region","status":"publish","type":"post","link":"https:\/\/revistabife.com\/index.php\/2022\/08\/14\/las-zonas-mas-calientes-de-actividad-extraterrestre-en-la-pampa-y-quique-mario-el-mayor-ufologo-de-la-region\/","title":{"rendered":"Las \u201czonas m\u00e1s calientes\u201d de actividad extraterrestre en La Pampa y Quique Mario, el mayor uf\u00f3logo de la regi\u00f3n"},"content":{"rendered":"\n<p class=\"has-drop-cap has-medium-font-size\">Hace\n15 a\u00f1os que La Pampa se encuentra en el podio de las estad\u00edsticas nacionales\ncon mayor cantidad de contactos con ovnis. Nuestra provincia forma parte de lo\nque se llama el \u201ccintur\u00f3n mete\u00f3rico\u201d, hace millones de a\u00f1os fue zona de impacto\nmete\u00f3rico y esa ser\u00eda una de las razones que generar\u00edan las condiciones para\nfavorecer el desplazamiento de estos veh\u00edculos espaciales.&nbsp;<\/p>\n\n\n\n<p class=\"has-medium-font-size\">Esta es la primera hip\u00f3tesis del reconocido uf\u00f3logo Oscar &#8220;Quique&#8221; Mario -que hace 48 a\u00f1os mantiene un ojo en el cielo y otro en la tierra-, sobre la raz\u00f3n por la cual seres de otro planeta insisten en hacer contacto con esta llanura del centro del pa\u00eds.&nbsp;<\/p>\n\n\n\n<p class=\"has-medium-font-size\"><strong><em>\u201cCon\nesta definici\u00f3n me alejo de la cuesti\u00f3n tur\u00edstica de que nos visitan porque\nnosotros, los pampeanos, somos especiales\u201d<\/em><\/strong>, dice con cierto escepticismo a <strong><em>Revista BIFE.<\/em><\/strong><\/p>\n\n\n\n<p class=\"has-medium-font-size\">En un momento determinado,\na principio del siglo, una empresa privada de turismo hizo contacto con los\nmayores expertos ufol\u00f3gicos de la regi\u00f3n para explotar el \u201ctema ovni\u201d en La\nPampa, como se ha hecho en otras zonas (la m\u00e1s conocida en Capilla del Monte). <\/p>\n\n\n\n<p class=\"has-medium-font-size\">La idea era hacer \u201cla\nruta de los ovnis\u201d. Unir las zonas m\u00e1s calientes: Alpachiri, Guatrach\u00e9, Jacinto\nArauz, la ruta del desierto y la ruta 10 que va a Santa Isabel y sigue para La\nHumada. \u201cEl misterio de la ruta 10\u201d, dice Mario, \u201ces la zona m\u00e1s caliente de\nlas calientes, desde Luan Toro para arriba han ocurrido eventos extraordinarios\u201d.\n<\/p>\n\n\n\n<p class=\"has-medium-font-size\">Pero dicho proyecto que mover\u00eda much\u00edsimo dinero, si bien tentador, no prosper\u00f3 porque la motivaci\u00f3n de los investigadores no fue hacer de los acontecimientos un circo, sino seguir con la recopilaci\u00f3n de datos y publicaci\u00f3n desde el punto de vista informativo. <\/p>\n\n\n\n<figure class=\"wp-block-image\"><img loading=\"lazy\" decoding=\"async\" width=\"1024\" height=\"576\" src=\"https:\/\/revistabife.com\/wp-content\/uploads\/2022\/08\/quique_mario-1280x720-1024x576.jpeg\" alt=\"\" class=\"wp-image-26831\" srcset=\"https:\/\/revistabife.com\/wp-content\/uploads\/2022\/08\/quique_mario-1280x720-1024x576.jpeg 1024w, https:\/\/revistabife.com\/wp-content\/uploads\/2022\/08\/quique_mario-1280x720-300x169.jpeg 300w, https:\/\/revistabife.com\/wp-content\/uploads\/2022\/08\/quique_mario-1280x720-768x432.jpeg 768w, https:\/\/revistabife.com\/wp-content\/uploads\/2022\/08\/quique_mario-1280x720.jpeg 1280w\" sizes=\"(max-width: 1024px) 100vw, 1024px\" \/><figcaption><em>Quique Mario<\/em><\/figcaption><\/figure>\n\n\n\n<p style=\"font-size:30px\"><strong><em>Quique Mario, 48 a\u00f1os en la ufolog\u00eda: con un ojo en la tierra y otro en el universo<\/em><\/strong><\/p>\n\n\n\n<p class=\"has-medium-font-size\">Los uf\u00f3logos pertenecen a un mundo muy extra\u00f1o. Son personas\nque persiguen una pista o esperan como furtivos en el universo un indicio e investigan\ntoda su vida para, quiz\u00e1, nunca llegar a una verdad. Son buscadores eternos y, pese\na eso, que puede ser frustrante, persisten en su extasiado deseo de contactar\ncon seres de otro planeta. <\/p>\n\n\n\n<p class=\"has-medium-font-size\">\u201cTodos se sacuden con que el caso que investiga el\notro no es real, pero en el fondo nadie puede afirmar nada con contundencia\u201d,\ndice Quique Mario, el mayor representante pampeano en este campo, reconocido a\nnivel internacional, distinguido por la Organizaci\u00f3n de las Naciones Unidas, ha\npublicado una serie de libros y est\u00e1 preparando otro en el que promete \u201cinformaci\u00f3n\nin\u00e9dita\u201d.<\/p>\n\n\n\n<figure class=\"wp-block-embed-youtube wp-block-embed is-type-video is-provider-youtube wp-embed-aspect-4-3 wp-has-aspect-ratio\"><div class=\"wp-block-embed__wrapper\">\n<iframe loading=\"lazy\" title=\"Muri\u00f3 Platner, el pampeano que dijo haber sido abducido\" width=\"640\" height=\"480\" src=\"https:\/\/www.youtube.com\/embed\/In6uktcK7UE?feature=oembed\" frameborder=\"0\" allow=\"accelerometer; autoplay; clipboard-write; encrypted-media; gyroscope; picture-in-picture; web-share\" referrerpolicy=\"strict-origin-when-cross-origin\" allowfullscreen><\/iframe>\n<\/div><figcaption><em> Quique Mario particip\u00f3 del caso Platner, emblem\u00e1tico en el fen\u00f3meno de las abducciones  <\/em><\/figcaption><\/figure>\n\n\n\n<p class=\"has-medium-font-size\"><strong><em>-\u00bfEn qu\u00e9 momento te empezaste a interesar por los ovnis? \u00bfCu\u00e1les fueron tus inicios?<\/em><\/strong><\/p>\n\n\n\n<p class=\"has-medium-font-size\">A los 7 a\u00f1os, cuando iba con mi madre al almac\u00e9n de\nVilla Busto, ya prestaba atenci\u00f3n cuando comentaban \u201cayer baj\u00f3 un plato volador\u201d.\nNo hab\u00eda radio ni televisi\u00f3n, pero yo me lo imaginaba. Mi abuela fue muy\ncompinche, y un d\u00eda compr\u00f3 la revista AS\u00cd, que ten\u00eda la foto sacada en Brasil\nde un plato volador. Cuando me fui a estudiar periodismo a La Plata, empec\u00e9 a\ncomprar libros y a relacionarme con esa gente, iba a conferencias. Mientras tanto\nocurr\u00edan cosas en La Pampa, de modo que se reafirmaba mi entusiasmo por la\nb\u00fasqueda. <\/p>\n\n\n\n<p class=\"has-medium-font-size\"><strong><em>-\u00bfC\u00f3mo es el mundo de la ufolog\u00eda?<\/em><\/strong><\/p>\n\n\n\n<p class=\"has-medium-font-size\">En alg\u00fan punto es como el de la pol\u00edtica, porque hay\nmuchos celos. Siendo honesto, yo no entiendo nada, es decir, no puedo\nencasillar nada, no puedo tener certezas. Todos se sacuden con que el caso que\ninvestiga el otro no es real, pero en el fondo nadie puede afirmar nada con\ncontundencia. <\/p>\n\n\n\n<p class=\"has-medium-font-size\">Esa diferencia la plantee en un congreso en el 80,\ndonde dije que hab\u00eda que diferenciar investigadores de campo y de los de\nescritorio. Los dos son necesarios, pero hay que diferenciarlos. Pero\ninvestigaci\u00f3n de campo es fundamental, porque est\u00e1s en contacto con el\nprotagonista, uno ya tiene una visi\u00f3n. En mi caso me encuentro 20 veces con los protagonistas de un hecho. \u00bfPor qu\u00e9? porque se genera un v\u00ednculo, reencontrarme\ncon la persona implica demostrar si la persona est\u00e1 bien o si est\u00e1 delirando.<\/p>\n\n\n\n<p class=\"has-medium-font-size\">Hay muchos tipos que por plata te organizan encuentros\nprogramados, es decir, que nos vamos a encontrar con extraterrestres a tal\nhora, y la gente va y paga.<\/p>\n\n\n\n<p class=\"has-medium-font-size\"><strong><em>-\u00bfC\u00f3mo haces para diferenciar qui\u00e9n dice la verdad y qui\u00e9n macanea?<\/em><\/strong><\/p>\n\n\n\n<p class=\"has-medium-font-size\">A esta altura, al minuto me doy cuenta si est\u00e1 macaneando. Igualmente le hago dos encuestas, y las cruzo con psic\u00f3logos y psiquiatras y me dan su opini\u00f3n, como le tipo de Luan Toro que dijo que mat\u00f3 a un extraterrestre. Ese tipo vino a mi casa con armas, a m\u00ed me dio una 9 mil\u00edmetros. Yo le dije que ser\u00eda mejor comunicarse que cagarlos a tiros. Entonces lo ech\u00e9 a la mierda. Me trajo fotos del lugar donde estaba, y un d\u00eda vino y me dijo \u201cmat\u00e9 a uno lo tengo en el freezer en mi casa. A los dos d\u00edas me present\u00e9 en la casa, y le dije a ver d\u00f3nde ten\u00e9s el frezzer, y meti\u00f3 excusas. <\/p>\n\n\n\n<figure class=\"wp-block-embed-youtube wp-block-embed is-type-video is-provider-youtube wp-embed-aspect-16-9 wp-has-aspect-ratio\"><div class=\"wp-block-embed__wrapper\">\n<iframe loading=\"lazy\" title=\"Un polic\u00eda asegura haber sido secuestrado por extraterrestres\" width=\"640\" height=\"360\" src=\"https:\/\/www.youtube.com\/embed\/hzL2qRAKmf4?feature=oembed\" frameborder=\"0\" allow=\"accelerometer; autoplay; clipboard-write; encrypted-media; gyroscope; picture-in-picture; web-share\" referrerpolicy=\"strict-origin-when-cross-origin\" allowfullscreen><\/iframe>\n<\/div><figcaption><em> Caso del polic\u00eda Pucheta, otro cl\u00e1sico pampeano <\/em><\/figcaption><\/figure>\n\n\n\n<p class=\"has-medium-font-size\"><strong><em>-\u00bfNunca te desmotivaste en la b\u00fasqueda?<\/em><\/strong><\/p>\n\n\n\n<p class=\"has-medium-font-size\">No. me impact\u00f3 cuando se muri\u00f3 mi se\u00f1ora. Pero\ndesmotivarme no. Yo hablo de los casos que investigo, y defiendo a los\ntestigos que quieren bastardear. En Trelew un polic\u00eda me par\u00f3 y me dijo \u201custed\nes Quique Mario\u201d, porque vio la serie de Infinito. En el sur me conocen mucho. <\/p>\n\n\n\n<p class=\"has-medium-font-size\"><strong><em>-\u00bfAlguna vez tuviste un encuentro con un ovni?<\/em><\/strong><\/p>\n\n\n\n<p class=\"has-medium-font-size\">S\u00ed. Tuve contacto con un objeto gigantezco. Yo le\nhac\u00eda golpes de luz y me respondi\u00f3 aumentando la intensidad, con los mismos\ngolpes de luz. Si hac\u00eda tres, ellos hac\u00edan tres, fue en un campo en la zona\nrural de Bordenave, provincia de Buenos Aires. <\/p>\n\n\n\n<p class=\"has-medium-font-size\">La segunda vez que fui, en 1998, hab\u00eda una luz que era\ncada vez m\u00e1s grande. Empec\u00e9 a ver con un prism\u00e1tico y no era un plato, eran\ncomo dos esferas grandes y una chica m\u00e1s abajo que giraba. Decid\u00ed acercarme. Hab\u00eda\nanimales que estaban echados, o sea no se daban cuenta, no les molestaba la\nluz. Hac\u00eda un fr\u00edo terrible y lloviznaba. Le saqu\u00e9 una foto y me di cuenta de\nlos detalles.<\/p>\n\n\n\n<p class=\"has-medium-font-size\"><strong><em>-\u00bfDe qu\u00e9 se trata el misterio de la desaparici\u00f3n de agua de los tanques australianos?<\/em><\/strong><\/p>\n\n\n\n<p class=\"has-medium-font-size\">Hay muchos tanques australianos que aparecen de la\nnoche a la ma\u00f1ana completamente vac\u00edos. Eso forma parte de nuestras\ninvestigaciones, porque hemos estado en lugares donde se han llevado 300 mil\nlitros de agua de tanques gigantescos sin ninguna gota derramada en ning\u00fan\nlugar. Quienes se la llevan tiene la capacidad para separar el hidr\u00f3geno y ox\u00edgeno\ny utilizarlo como combustible.<\/p>\n\n\n\n<p class=\"has-medium-font-size\"><strong><em>-\u00bfY las mutilaciones de vacas nunca dejaron de ocurrir?<\/em><\/strong><\/p>\n\n\n\n<p class=\"has-medium-font-size\">No. nunca. Siempre hay mutilaciones. Hay un promedio\nde 2 y 12 por mes, pero nunca es difunde. No hay respuesta l\u00f3gica de la ciencia\na este acontecimiento. los productores ya no denuncian, porque despu\u00e9s los\nllaman del Juzgado de Acha y se tienen que hacer un terrible viaje para firmar\nun papel que no va a servir de nada, porque no se va a descubrir nada. Yo lo he\nhablado con un juez y me dijo que estas causas siempre quedan abiertas. <\/p>\n","protected":false},"excerpt":{"rendered":"<p>Una empresa privada quiso hacer de La Pampa el mayor centro de avistamiento de ovnis del pa\u00eds. \u00bfPor qu\u00e9 los extraterrestres insisten en visitar la provincia? Los casos de abducciones m\u00e1s emblem\u00e1ticos. Las zonas &#8220;m\u00e1s calientes&#8221;. El misterioso mundo de los uf\u00f3logos y la palabra de uno de los investigadores m\u00e1s reconocidos.<\/p>\n","protected":false},"author":1,"featured_media":26825,"comment_status":"closed","ping_status":"open","sticky":false,"template":"","format":"standard","meta":{"om_disable_all_campaigns":false,"_monsterinsights_skip_tracking":false,"_monsterinsights_sitenote_active":false,"_monsterinsights_sitenote_note":"","_monsterinsights_sitenote_category":0,"_uf_show_specific_survey":0,"_uf_disable_surveys":false,"footnotes":""},"categories":[1129,15],"tags":[2163,2162,44,2160,2161,2164,43],"class_list":["post-26795","post","type-post","status-publish","format-standard","has-post-thumbnail","hentry","category-en-foco","category-sociedad","tag-abducciones","tag-extraterrestres","tag-la-pampa","tag-ovnis","tag-quique-mario","tag-revista-bife","tag-santa-rosa"],"aioseo_notices":[],"_links":{"self":[{"href":"https:\/\/revistabife.com\/index.php\/wp-json\/wp\/v2\/posts\/26795"}],"collection":[{"href":"https:\/\/revistabife.com\/index.php\/wp-json\/wp\/v2\/posts"}],"about":[{"href":"https:\/\/revistabife.com\/index.php\/wp-json\/wp\/v2\/types\/post"}],"author":[{"embeddable":true,"href":"https:\/\/revistabife.com\/index.php\/wp-json\/wp\/v2\/users\/1"}],"replies":[{"embeddable":true,"href":"https:\/\/revistabife.com\/index.php\/wp-json\/wp\/v2\/comments?post=26795"}],"version-history":[{"count":6,"href":"https:\/\/revistabife.com\/index.php\/wp-json\/wp\/v2\/posts\/26795\/revisions"}],"predecessor-version":[{"id":26833,"href":"https:\/\/revistabife.com\/index.php\/wp-json\/wp\/v2\/posts\/26795\/revisions\/26833"}],"wp:featuredmedia":[{"embeddable":true,"href":"https:\/\/revistabife.com\/index.php\/wp-json\/wp\/v2\/media\/26825"}],"wp:attachment":[{"href":"https:\/\/revistabife.com\/index.php\/wp-json\/wp\/v2\/media?parent=26795"}],"wp:term":[{"taxonomy":"category","embeddable":true,"href":"https:\/\/revistabife.com\/index.php\/wp-json\/wp\/v2\/categories?post=26795"},{"taxonomy":"post_tag","embeddable":true,"href":"https:\/\/revistabife.com\/index.php\/wp-json\/wp\/v2\/tags?post=26795"}],"curies":[{"name":"wp","href":"https:\/\/api.w.org\/{rel}","templated":true}]}}