{"id":26733,"date":"2022-08-08T09:20:05","date_gmt":"2022-08-08T12:20:05","guid":{"rendered":"http:\/\/revistabife.com\/?p=26733"},"modified":"2022-08-08T09:20:06","modified_gmt":"2022-08-08T12:20:06","slug":"cambios-en-nacion-flavia-royon-sera-la-nueva-secretaria-de-energia","status":"publish","type":"post","link":"https:\/\/revistabife.com\/index.php\/2022\/08\/08\/cambios-en-nacion-flavia-royon-sera-la-nueva-secretaria-de-energia\/","title":{"rendered":"Cambios en Naci\u00f3n: Flavia Roy\u00f3n ser\u00e1 la nueva secretaria de Energ\u00eda"},"content":{"rendered":"\n<p class=\"has-drop-cap has-medium-font-size\">En medio de los cambios que est\u00e1 implementando desde que asumi\u00f3 como ministro de Econom\u00eda, Sergio Massa&nbsp;anunci\u00f3 finalmente quien quedar\u00e1 al frente del \u00e1rea de Energ\u00eda:&nbsp;<strong>Flavia Roy\u00f3n ser\u00e1 desde este lunes la nueva secretar\u00eda de Energ\u00eda de la Naci\u00f3n<\/strong>&nbsp;en reemplazo de Dar\u00edo Mart\u00ednez.<\/p>\n\n\n\n<p class=\"has-medium-font-size\">Adem\u00e1s, se va del Gobierno Federico Basualdo, el subsecretario de Energ\u00eda El\u00e9ctrica, y su lugar ser\u00e1 ocupado por&nbsp;<strong>Santiago Yanotti<\/strong>, mientras que&nbsp;<strong>Federico Bernal<\/strong>&nbsp;asumir\u00e1 el cargo de subsecretario de Hidrocarburos y&nbsp;<strong>Cecilia Garibotti<\/strong>&nbsp;ser\u00e1 subsecretaria de Planificaci\u00f3n.<\/p>\n\n\n\n<p class=\"has-medium-font-size\">&#8220;Comunico que a partir de ma\u00f1ana se integrar\u00e1n al equipo Flavia Roy\u00f3n como secretaria de Energ\u00eda, la acompa\u00f1ar\u00e1n Santiago Yanotti como subsecretario de Energ\u00eda El\u00e9ctrica, Federico Bernal como subsecretario de Hidrocarburos y Cecilia Garibotti como subsecretaria de Planificaci\u00f3n&#8221;, inform\u00f3 Massa a trav\u00e9s de un mensaje en sus redes sociales.<\/p>\n\n\n\n<p class=\"has-medium-font-size\">Y a\u00f1adi\u00f3: &#8220;Quiero agradecer el trabajo de Dar\u00edo Mart\u00ednez, Federico Basualdo y del equipo que hasta ac\u00e1 llev\u00f3 adelante la tarea en Energ\u00eda. El objetivo de todos debe ser nuestra soberan\u00eda energ\u00e9tica y la transformaci\u00f3n de Argentina como potencia en este sector&#8221;.<\/p>\n\n\n\n<p class=\"has-medium-font-size\">Seg\u00fan la agencia T\u00e9lam,&nbsp;<strong>la designaci\u00f3n de los nuevos funcionarios fue &#8220;coordinada y consensuada&#8221; entre Massa, la vicepresidenta Cristina Fern\u00e1ndez de Kirchner y el presidente, Alberto Fern\u00e1ndez<\/strong>.<\/p>\n\n\n\n<h2 class=\"wp-block-heading\">Qui\u00e9n es Flavia Roy\u00f3n, la nueva secretaria de Energ\u00eda<\/h2>\n\n\n\n<p class=\"has-medium-font-size\">Roy\u00f3n es Ingeniera industrial por la Universidad Nacional de Salta, tiene una maestr\u00eda en el IAE Business School y es diplomada en materias relacionadas a producci\u00f3n y gesti\u00f3n integral minera, negocios y metodolog\u00edas \u00e1giles.<\/p>\n\n\n\n<p class=\"has-medium-font-size\">Hasta el momento, se desempe\u00f1\u00f3 como&nbsp;<strong>secretaria de Miner\u00eda y Energ\u00eda del Gobierno de Salta<\/strong>&nbsp;y, en paralelo, presid\u00eda el Consejo Econ\u00f3mico y Social de esa provincia.<\/p>\n\n\n\n<p class=\"has-medium-font-size\">Desde el comienzo de su gesti\u00f3n, impuls\u00f3 el dise\u00f1o y articulaci\u00f3n del&nbsp;<strong>Plan Provincial de Desarrollo Minero Sustentable<\/strong>&nbsp;y llev\u00f3 adelante proyectos para estimular las inversiones en exploraci\u00f3n en la cuenca noroeste, adem\u00e1s del desarrollo de energ\u00edas renovables.<\/p>\n","protected":false},"excerpt":{"rendered":"<p>En medio de los cambios que est\u00e1 implementando desde que asumi\u00f3 como ministro de Econom\u00eda,<\/p>\n","protected":false},"author":1,"featured_media":26734,"comment_status":"closed","ping_status":"open","sticky":false,"template":"","format":"standard","meta":{"om_disable_all_campaigns":false,"_monsterinsights_skip_tracking":false,"_monsterinsights_sitenote_active":false,"_monsterinsights_sitenote_note":"","_monsterinsights_sitenote_category":0,"_uf_show_specific_survey":0,"_uf_disable_surveys":false,"footnotes":""},"categories":[32,1868],"tags":[],"class_list":["post-26733","post","type-post","status-publish","format-standard","has-post-thumbnail","hentry","category-actualidad","category-nacionales-2"],"aioseo_notices":[],"_links":{"self":[{"href":"https:\/\/revistabife.com\/index.php\/wp-json\/wp\/v2\/posts\/26733"}],"collection":[{"href":"https:\/\/revistabife.com\/index.php\/wp-json\/wp\/v2\/posts"}],"about":[{"href":"https:\/\/revistabife.com\/index.php\/wp-json\/wp\/v2\/types\/post"}],"author":[{"embeddable":true,"href":"https:\/\/revistabife.com\/index.php\/wp-json\/wp\/v2\/users\/1"}],"replies":[{"embeddable":true,"href":"https:\/\/revistabife.com\/index.php\/wp-json\/wp\/v2\/comments?post=26733"}],"version-history":[{"count":1,"href":"https:\/\/revistabife.com\/index.php\/wp-json\/wp\/v2\/posts\/26733\/revisions"}],"predecessor-version":[{"id":26735,"href":"https:\/\/revistabife.com\/index.php\/wp-json\/wp\/v2\/posts\/26733\/revisions\/26735"}],"wp:featuredmedia":[{"embeddable":true,"href":"https:\/\/revistabife.com\/index.php\/wp-json\/wp\/v2\/media\/26734"}],"wp:attachment":[{"href":"https:\/\/revistabife.com\/index.php\/wp-json\/wp\/v2\/media?parent=26733"}],"wp:term":[{"taxonomy":"category","embeddable":true,"href":"https:\/\/revistabife.com\/index.php\/wp-json\/wp\/v2\/categories?post=26733"},{"taxonomy":"post_tag","embeddable":true,"href":"https:\/\/revistabife.com\/index.php\/wp-json\/wp\/v2\/tags?post=26733"}],"curies":[{"name":"wp","href":"https:\/\/api.w.org\/{rel}","templated":true}]}}