{"id":2667,"date":"2020-03-21T16:11:17","date_gmt":"2020-03-21T19:11:17","guid":{"rendered":"http:\/\/revistabife.com\/?p=2667"},"modified":"2020-03-21T16:18:07","modified_gmt":"2020-03-21T19:18:07","slug":"la-ministra-de-seguridad-no-descarta-el-estado-de-sitio","status":"publish","type":"post","link":"https:\/\/revistabife.com\/index.php\/2020\/03\/21\/la-ministra-de-seguridad-no-descarta-el-estado-de-sitio\/","title":{"rendered":"La ministra de Seguridad no descarta el Estado de Sitio"},"content":{"rendered":"\n<p class=\"has-medium-font-size\">(De esta manera, se confirma lo que se advirti\u00f3 <a href=\"https:\/\/revistabife.com\/index.php\/2020\/03\/21\/dia-1-libertades-individuales-o-generales-los-empleados-de-comercio-y-el-perverso-goce-por-paranoiquear\/?fbclid=IwAR37wMr7ROs9BhXGRsoUYszavq_c1GvvojBR-_uFQjCBI_iwQhDNyQLnMoo\"><strong><em>en \u00e9sta nota, sobre la delicada situaci\u00f3n: &#8220;Todas las fuentes que atendieron a BIFE dijeron extraoficialmente que la mano viene de mal en peor. Que se preparan para \u201cel peor escenario\u201d)<\/em><\/strong><\/a><\/p>\n\n\n\n<p class=\"has-drop-cap has-medium-font-size\">La ministra de Seguridad de la Naci\u00f3n, Sabina Frederic, realiz\u00f3 hoy sobre&nbsp;una primera evaluaci\u00f3n sobre el cumplimiento del aislamiento obligatorio dictado por el Gobierno nacional&nbsp;por el coronavirus al sostener que&nbsp;\u201cel acatamiento a la cuarentena fue bastante masivo, pero hace falta m\u00e1s.&#8221;&nbsp;y pidi\u00f3,\u201dcorrerse del individualismo a la que esta \u00e9poca nos lleva\u201d. Y aunque dijo que est\u00e1 como posibilidad y que es una medida extrema a la que est\u00e1n evitando llegar,&nbsp;<a rel=\"noreferrer noopener\" href=\"https:\/\/www.cronista.com\/economiapolitica\/Cuarentena-total-estado-de-sitio-o-emergencia-que-significa-cada-uno-20200320-0033.html\" target=\"_blank\">&#8220;el estado de sitio no se descarta&#8221;.<\/a><\/p>\n\n\n\n<p class=\"has-medium-font-size\"><strong>&#8220;Hay gente que cree que su vida no est\u00e1 atada a las dem\u00e1s&#8221;<\/strong>, dijo sobre la gente que intenta seguir con su vida normal y hacer o\u00eddos sordos a la cuarentena dictada por el presidente,&nbsp;<a href=\"https:\/\/www.cronista.com\/perfiles\/Alberto-Fernandez-5.html\" target=\"_blank\" rel=\"noreferrer noopener\">Alberto Fern\u00e1ndez<\/a>.&nbsp;<strong>&#8220;Ac\u00e1 nadie es aut\u00f3nomo, el movimiento que realiza cada quien afecta al otro&#8221;<\/strong>, sum\u00f3.<\/p>\n\n\n\n<p class=\"has-medium-font-size\">En ese sentido, la minsitra aclar\u00f3 que&nbsp;&#8220;Ayer fue bisagra, a partir de hoy vamos a ser inflexibles porque entendemos que la gente ya tiene su permiso para circular&#8221;<\/p>\n\n\n\n<p class=\"has-medium-font-size\">As\u00ed lo indic\u00f3 esta ma\u00f1ana la propia funcionaria de seguridad nacional en di\u00e1logo con radio La red en el programa Foja Cero, quien a\u00f1adi\u00f3 que&nbsp;\u201chay que correrse del individualismo a la que esta \u00e9poca nos lleva&#8221;.<\/p>\n\n\n\n<p class=\"has-medium-font-size\"> &#8220;El tiempo va a ser breve si la gente cumple o no con esta situaci\u00f3n extrema&#8221;, taxativa la ministra asegur\u00f3 que todo depende de c\u00f3mo act\u00fae la gente.&nbsp;&#8220;Esto no va a durar cuatro o cinco d\u00edas&#8221;, asegur\u00f3. Y agreg\u00f3:&nbsp;&#8220;Por ahora, la fecha es la del 31, que no se extienda depender\u00e1 de que cumplamos la normativa&#8221;. <\/p>\n\n\n\n<p class=\"has-medium-font-size\">\u201dVamos a empezar a secuestrar veh\u00edculos\u201d, resalt\u00f3 sobre una posible medida a seguir para las personas que todav\u00eda no han comprendido el estado de aislamiento.<\/p>\n\n\n\n<p class=\"has-medium-font-size\">Al ser consultado sobre una posibilidad de estado de sitio, Frederic dijo que esa es una medida extrema a la que estamos evitando llegar, pero&nbsp;&#8220;depender\u00e1 de la responsabilidad que tengamos todos&#8221;.<br><br>En medio del marco del aislamiento social, preventivo y obligatorio dispuesto por el presidente de la naci\u00f3n se pudieron observar desde las primeras horas de la ma\u00f1ana largas filas con distancia prudencial entre personas en puertas de farmacias, cajeros autom\u00e1ticos y supermercados; poca gente en paradas de colectivos, estaciones de trenes y subtes y un gran despliegue de efectivos de las fuerzas de seguridad en las calles de la ciudad de Buenos Aires y del conurbano bonaerense.<\/p>\n","protected":false},"excerpt":{"rendered":"<p>(De esta manera, se confirma lo que se advirti\u00f3 en \u00e9sta nota, sobre la delicada<\/p>\n","protected":false},"author":1,"featured_media":2668,"comment_status":"open","ping_status":"open","sticky":false,"template":"","format":"standard","meta":{"om_disable_all_campaigns":false,"_monsterinsights_skip_tracking":false,"_monsterinsights_sitenote_active":false,"_monsterinsights_sitenote_note":"","_monsterinsights_sitenote_category":0,"_uf_show_specific_survey":0,"_uf_disable_surveys":false,"footnotes":""},"categories":[32,608],"tags":[99,42,657,640,658],"class_list":["post-2667","post","type-post","status-publish","format-standard","has-post-thumbnail","hentry","category-actualidad","category-coronavirus","tag-actualidad","tag-bife","tag-corona","tag-cuarentena","tag-estado-de-sitio"],"aioseo_notices":[],"_links":{"self":[{"href":"https:\/\/revistabife.com\/index.php\/wp-json\/wp\/v2\/posts\/2667"}],"collection":[{"href":"https:\/\/revistabife.com\/index.php\/wp-json\/wp\/v2\/posts"}],"about":[{"href":"https:\/\/revistabife.com\/index.php\/wp-json\/wp\/v2\/types\/post"}],"author":[{"embeddable":true,"href":"https:\/\/revistabife.com\/index.php\/wp-json\/wp\/v2\/users\/1"}],"replies":[{"embeddable":true,"href":"https:\/\/revistabife.com\/index.php\/wp-json\/wp\/v2\/comments?post=2667"}],"version-history":[{"count":2,"href":"https:\/\/revistabife.com\/index.php\/wp-json\/wp\/v2\/posts\/2667\/revisions"}],"predecessor-version":[{"id":2671,"href":"https:\/\/revistabife.com\/index.php\/wp-json\/wp\/v2\/posts\/2667\/revisions\/2671"}],"wp:featuredmedia":[{"embeddable":true,"href":"https:\/\/revistabife.com\/index.php\/wp-json\/wp\/v2\/media\/2668"}],"wp:attachment":[{"href":"https:\/\/revistabife.com\/index.php\/wp-json\/wp\/v2\/media?parent=2667"}],"wp:term":[{"taxonomy":"category","embeddable":true,"href":"https:\/\/revistabife.com\/index.php\/wp-json\/wp\/v2\/categories?post=2667"},{"taxonomy":"post_tag","embeddable":true,"href":"https:\/\/revistabife.com\/index.php\/wp-json\/wp\/v2\/tags?post=2667"}],"curies":[{"name":"wp","href":"https:\/\/api.w.org\/{rel}","templated":true}]}}