{"id":25527,"date":"2022-05-15T12:52:32","date_gmt":"2022-05-15T15:52:32","guid":{"rendered":"http:\/\/revistabife.com\/?p=25527"},"modified":"2022-05-15T12:52:33","modified_gmt":"2022-05-15T15:52:33","slug":"actualizan-dni-de-estudiantes-de-santa-rosa-para-que-puedan-viajar","status":"publish","type":"post","link":"https:\/\/revistabife.com\/index.php\/2022\/05\/15\/actualizan-dni-de-estudiantes-de-santa-rosa-para-que-puedan-viajar\/","title":{"rendered":"Actualizan DNI de estudiantes de Santa Rosa para que puedan viajar"},"content":{"rendered":"\n<p class=\"has-drop-cap has-medium-font-size\">Siete alumnos de la escuela N\u00ba 255 de Santa Rosa, regularizaron su situaci\u00f3n documentaria. Personal de la Direcci\u00f3n General del Registro Civil se acerc\u00f3 a la instituci\u00f3n para realizar los tr\u00e1mites necesarios con el objetivo de actualizar el Documento Nacional de Identidad (DNI) de las y los estudiantes, para que pudieran realizar un viaje junto al resto de su divisi\u00f3n, a la ciudad de Rosario provincia de Santa Fe y prometer la bandera.\u00a0<\/p>\n\n\n\n<p class=\"has-medium-font-size\">Una de las docentes a cargo, Antonella Glusko brind\u00f3 detalles a la Agencia Provincial de Noticias, \u201cnos encontramos prepar\u00e1ndonos para ir a prometer la bandera a Rosario, Santa Fe. Una locura porque ser\u00e1 una de las primeras escuelas que viaja representando a La Pampa, para realizar la promesa all\u00e1. <\/p>\n\n\n\n<p class=\"has-medium-font-size\">En esta gran movida nos encontramos con que de la n\u00f3mina de alumnos que son 13, 7 alumnos no ten\u00edan el documento actualizado, necesit\u00e1bamos de manera urgente porque viajamos el 15 de junio realizar esas actualizaciones de los DNI, por lo que pedimos ayuda al Registro Civil, la respuesta fue autom\u00e1tica y nos acompa\u00f1aron de manera inmediata&#8221;.\u00a0<br>La\u00a0docente agradeci\u00f3 la rapidez con que se realiz\u00f3 el tr\u00e1mite \u201cun viernes solicitamos la ayuda, el d\u00eda lunes 8:30 estaba ac\u00e1 el equipo. Se presentaron con la pantalla para que pudi\u00e9ramos hacer los DNI y autorizaciones firmadas para que podamos viajar los estudiantes\u201d.<\/p>\n\n\n\n<p class=\"has-medium-font-size\">Adem\u00e1s, desde la Direcci\u00f3n del Registro Civil les acercaron las partidas de nacimiento de las y los estudiantes y los permisos de viaje. La docente calific\u00f3 el servicio de \u201cincre\u00edble\u201d y a\u00f1adi\u00f3 \u201cnos sentimos muy a gusto con la respuesta, fue autom\u00e1tica\u201d.<\/p>\n\n\n\n<p class=\"has-medium-font-size\">\u00a0Asimismo, asegur\u00f3 \u201cme encantar\u00eda que otras instituciones se unan a este trabajo en red, entre familias, instituciones y equipos gubernamentales. Es una din\u00e1mica muy linda, fluida, poder llegar a las escuelas o hacer este nexo entre escuelas e instituciones, ya sea entre equipos deportivos, ministerios. Es un trabajo muy lindo, que por ah\u00ed presentamos alguna resistencia por cuestiones burocr\u00e1ticas que nos van a pedir muchas cosas y es poner un poco de voluntad, llamar y ver qu\u00e9 necesitan, para nosotros poder acercarnos y en este caso, con el Registro Civil, fue solamente un llamado y autom\u00e1ticamente tuvimos una respuesta&#8221;.\u00a0<\/p>\n\n\n\n<p class=\"has-medium-font-size\">Sonia, directora de la instituci\u00f3n se mostr\u00f3 muy agradecida. \u201cFue una satisfacci\u00f3n el poder gestionar que el Registro Civil viniera a otorgarles a nuestras familias el derecho que tiene todo ciudadano de tener actualizado su DNI, partidas de nacimiento, en este caso un certificado de viaje, es una o la segunda escuela que va a prometer la bandera a Rosario y para este evento tan emotivo para nosotros fue muy significativo que nos ayudaran en este tr\u00e1mite que por ah\u00ed a las familias le cuesta tanto realizar. <\/p>\n\n\n\n<p class=\"has-medium-font-size\">Agradecerles infinitamente que siempre nos tengan en cuenta y nosotros tambi\u00e9n siempre recurrimos a ustedes porque nos sentimos tambi\u00e9n acompa\u00f1ados, as\u00ed que much\u00edsimas gracias por hacer nuestra tarea m\u00e1s f\u00e1cil\u201d.\u00a0\u00a0<\/p>\n\n\n\n<p class=\"has-medium-font-size\"><strong>Derechos e inclusi\u00f3n<\/strong><br>\u201cEs un trabajo que se dio en manera de red, en conjunto con el Ministerio de Educaci\u00f3n de la Provincia, de poder actualizar estos siete DNI para que las y los estudiantes puedan viajar a Rosario a jurar la bandera. Muy contentos de poder acompa\u00f1ar a las familias en este tr\u00e1mite que por ah\u00ed para ellos es muy engorroso y se dificulta viajar hasta el centro para poder realizarlo\u201d, explic\u00f3 el director general del Registro Civil, Fernando Rolando.\u00a0<\/p>\n\n\n\n<p class=\"has-medium-font-size\">Por otro lado, agreg\u00f3 \u201cconsideramos que es un derecho, es inclusi\u00f3n, y se trata de la identidad de las y los estudiantes, en este caso para poder acceder al beneficio de viajar. Tambi\u00e9n otorgamos permisos de viaje y las actas de nacimiento actualizadas\u201d.\u00a0<\/p>\n\n\n\n<p class=\"has-medium-font-size\">Asimismo, brind\u00f3 detalles sobre el tr\u00e1mite. \u201cEl DNI tiene dos actualizaciones, entre los 5 y los 8 a\u00f1os y cuando la persona cumple los 14. Adem\u00e1s, se debe actualizar por cambio de domicilio, deterioro, robo o p\u00e9rdida, o en caso que se produzca una modificaci\u00f3n en la identidad de la persona como cambio de g\u00e9nero o apellido&#8221;.<br><\/p>\n","protected":false},"excerpt":{"rendered":"<p>Siete alumnos de la escuela N\u00ba 255 de Santa Rosa, regularizaron su situaci\u00f3n documentaria. Personal<\/p>\n","protected":false},"author":1,"featured_media":25528,"comment_status":"closed","ping_status":"open","sticky":false,"template":"","format":"standard","meta":{"om_disable_all_campaigns":false,"_monsterinsights_skip_tracking":false,"_monsterinsights_sitenote_active":false,"_monsterinsights_sitenote_note":"","_monsterinsights_sitenote_category":0,"_uf_show_specific_survey":0,"_uf_disable_surveys":false,"footnotes":""},"categories":[32,1913],"tags":[],"class_list":["post-25527","post","type-post","status-publish","format-standard","has-post-thumbnail","hentry","category-actualidad","category-porvinciales"],"aioseo_notices":[],"_links":{"self":[{"href":"https:\/\/revistabife.com\/index.php\/wp-json\/wp\/v2\/posts\/25527"}],"collection":[{"href":"https:\/\/revistabife.com\/index.php\/wp-json\/wp\/v2\/posts"}],"about":[{"href":"https:\/\/revistabife.com\/index.php\/wp-json\/wp\/v2\/types\/post"}],"author":[{"embeddable":true,"href":"https:\/\/revistabife.com\/index.php\/wp-json\/wp\/v2\/users\/1"}],"replies":[{"embeddable":true,"href":"https:\/\/revistabife.com\/index.php\/wp-json\/wp\/v2\/comments?post=25527"}],"version-history":[{"count":1,"href":"https:\/\/revistabife.com\/index.php\/wp-json\/wp\/v2\/posts\/25527\/revisions"}],"predecessor-version":[{"id":25529,"href":"https:\/\/revistabife.com\/index.php\/wp-json\/wp\/v2\/posts\/25527\/revisions\/25529"}],"wp:featuredmedia":[{"embeddable":true,"href":"https:\/\/revistabife.com\/index.php\/wp-json\/wp\/v2\/media\/25528"}],"wp:attachment":[{"href":"https:\/\/revistabife.com\/index.php\/wp-json\/wp\/v2\/media?parent=25527"}],"wp:term":[{"taxonomy":"category","embeddable":true,"href":"https:\/\/revistabife.com\/index.php\/wp-json\/wp\/v2\/categories?post=25527"},{"taxonomy":"post_tag","embeddable":true,"href":"https:\/\/revistabife.com\/index.php\/wp-json\/wp\/v2\/tags?post=25527"}],"curies":[{"name":"wp","href":"https:\/\/api.w.org\/{rel}","templated":true}]}}