{"id":25514,"date":"2022-05-15T11:45:37","date_gmt":"2022-05-15T14:45:37","guid":{"rendered":"http:\/\/revistabife.com\/?p=25514"},"modified":"2022-05-15T11:49:13","modified_gmt":"2022-05-15T14:49:13","slug":"expopymes-sigue-demostrando-el-crecimiento-y-la-fuerza-productiva-pampeana-2","status":"publish","type":"post","link":"https:\/\/revistabife.com\/index.php\/2022\/05\/15\/expopymes-sigue-demostrando-el-crecimiento-y-la-fuerza-productiva-pampeana-2\/","title":{"rendered":"ExpoPyMEs sigue demostrando el crecimiento y la fuerza productiva pampeana"},"content":{"rendered":"\n<p class=\"has-drop-cap has-medium-font-size\">En la segunda jornada de la Expo PyMEs 2022, \u201cSinergia para el desarrollo\u201d, un nutrido p\u00fablico se acerc\u00f3 hasta su emplazamiento en el Aut\u00f3dromo Provincia de La Pampa para ver, recorrer y conocer emprendimientos pampeanos, as\u00ed como las novedades en materia de tecnolog\u00eda, energ\u00edas renovables y ambiente.<\/p>\n\n\n\n<p class=\"has-medium-font-size\">En el \u00e1rea de Energ\u00eda, el director de Ahorro y Eficiencia Energ\u00e9tica de la Secretar\u00eda de Energ\u00eda y Miner\u00eda, Pablo D\u00b4Atri, se\u00f1al\u00f3 a la Agencia Provincial de Noticias que esta exposici\u00f3n post pandemia viene con muchas expectativas. \u201cLa Secretar\u00eda de Energ\u00eda aqu\u00ed est\u00e1 muy bien representada, entre privados y p\u00fablicos, abarcamos el \u00e1rea de hidrocarburos, miner\u00eda, APE y Pampetrol en t\u00e9rminos gubernamentales\u201d.<\/p>\n\n\n\n<p class=\"has-medium-font-size\">Desde la gesti\u00f3n del gobernador Sergio Ziliotto, precis\u00f3 que \u201cestamos haciendo una apuesta muy importante, se genera esta super Secretar\u00eda con todas las patas que tiene y en lo puntual, venimos promoviendo el desarrollo de las energ\u00edas renovables en el marco de lo que se defini\u00f3 en el Plan Energ\u00e9tico, que es la idea de la soberan\u00eda energ\u00e9tica, ser los propios generadores de la energ\u00eda\u201d, puntualiz\u00f3.<\/p>\n\n\n\n<p class=\"has-medium-font-size\">El escenario es muy alentador, afirm\u00f3 D\u00b4Atri, describiendo la participaci\u00f3n de muchas empresas privadas que trabajan en el tema de los paneles solares. \u201cSeg\u00fan los trabajos que venimos realizando, hay m\u00e1s de mil de instalaciones de bombeos solares en los campos, ya las viviendas lo han incorporado, hay cientos de instalaciones de calefones solares en las viviendas. Vemos experiencias muy interesantes y desde el Gobierno, generando todas las herramientas: la Ley de Generaci\u00f3n Distribuida, que permite que cada hogar genere energ\u00eda el\u00e9ctrica, lo aporte a la red y se autoabastezca.<\/p>\n\n\n\n<p class=\"has-medium-font-size\"><strong>Empleo Verde<\/strong><br>\u201cGeneramos mecanismos para que haya empresas que puedan montar sus estructuras de energ\u00edas renovables, inyectar a la red y comercializarla, energ\u00edas limpias y promover el empleo verde\u201d.&nbsp;<\/p>\n\n\n\n<p class=\"has-medium-font-size\">El director destac\u00f3 que lo que se denomina el \u201cEmpleo Verde\u201d se ve con grandes titulares en Naciones Unidas o el mundo, y ejemplific\u00f3 que en lo cotidiano, \u201cun plomero que instala un calef\u00f3n solar es una persona que ya est\u00e1 generando un empleo verde\u201d.&nbsp;<\/p>\n\n\n\n<p class=\"has-medium-font-size\">Y se viene un nuevo desaf\u00edo, \u201cdesde la Provincia se han aprobado leyes y en muy poco tiempo tendremos novedades en las plantas de generaci\u00f3n de energ\u00edas renovables, que va a crecer en el norte provincial\u201d.&nbsp;&nbsp;<\/p>\n\n\n\n<p class=\"has-medium-font-size\"><strong>Escenario de pandemia<\/strong><br>\u201cEn el mundo existen ricos que son m\u00e1s ricos y pobres que son m\u00e1s pobres, si uno ve la distribuci\u00f3n de las vacunas que fue totalmente monop\u00f3lica, en los pa\u00edses del norte ten\u00edan once veces m\u00e1s vacunas que nosotros y existen continentes que no la tienen como en \u00c1frica, pero en el medio el habitante com\u00fan, tiene muchas muestras de solidaridad y mucha gente que se amiga con el ambiente. Gente si tiene un peso de m\u00e1s lo invierte en un calef\u00f3n solar, pone un biodigestor para que las aguas servidas no vaya a las cloacas, hay gente que hace eficiencia energ\u00e9tica, es decir, cuando cambia la heladera se fija que la etiqueta sea la m\u00e1s eficiente. La sociedad va hacia la energ\u00eda renovable\u201d.<\/p>\n\n\n\n<p class=\"has-medium-font-size\">Desde la Provincia, \u201cno es que suprimimos el petr\u00f3leo o la miner\u00eda, sino que con \u00e9stos, se puede financiar la transici\u00f3n energ\u00e9tica. Ese es el desaf\u00edo, estamos en el camino y \u00e9sta es la mejor muestra\u201d.<\/p>\n\n\n\n<p class=\"has-medium-font-size\">La participaci\u00f3n de la gente es muy importante, \u201ctenemos un stand muy bien armado, con muchas empresas privadas y p\u00fablicas\u201d.<\/p>\n\n\n\n<p class=\"has-medium-font-size\"><strong>Plan de alumbrado p\u00fablico<\/strong><br>Se\u00f1al\u00f3 que este plan llega a todas las localidades de la Provincia, \u201cse distribuyen las l\u00e1mparas LED de manera equitativa. Cambiamos las l\u00e1mparas de sodio \u2013 mercurio, por l\u00e1mparas que consumen 50% menos de energ\u00eda y el mercurio que contienen, son residuos peligrosos, por lo cual las estamos recolectando y trabajamos de manera colaborativa con todos los municipios pampeanos desde hace dos a\u00f1os\u201d.&nbsp;<\/p>\n\n\n\n<p class=\"has-medium-font-size\"><strong>Empresas<br><br>MECC\u00d3, soluciones geol\u00f3gicas<\/strong><br>Esta empresa naci\u00f3 hace dos a\u00f1os, con tres integrantes, dos de ellos ge\u00f3logos y un profesor de matem\u00e1tica, en plena pandemia. \u201cDecidimos iniciar este proyecto con la parte geol\u00f3gica. Comenzamos con la consultor\u00eda h\u00eddrica o geolocalizaci\u00f3n subterr\u00e1nea, m\u00e1s que nada en la zona del oeste pampeano donde escasea el agua. Ese fue nuestro primer servicio. Hacemos consultor\u00eda minera y ambiental para algunos municipios, donde ayudamos a terminar con los basureros a cielo abierto, haciendo que procesen con una planta de reciclado y que comercialicen ese material, sea pl\u00e1stico, papel, cart\u00f3n. Trabajamos en escombros, fierros, chatarra y encontrar soluciones para los desechos peligrosos, con frigor\u00edficos en los temas de efluentes, asesoramos y llevamos la log\u00edstica\u201d.<\/p>\n\n\n\n<p class=\"has-medium-font-size\">La sigla del emprendimiento son las iniciales de sus integrantes, m\u00e1s el C\u00f3, que significa: agua.&nbsp; &nbsp;<\/p>\n\n\n\n<p class=\"has-medium-font-size\">Destac\u00f3 que mucha gente se acerc\u00f3 a preguntar de qu\u00e9 se trata, \u201ca muchos les interesa y se suman a esta campa\u00f1a de cuidar el ambiente. Tambi\u00e9n hacemos muebles reciclados con pl\u00e1sticos muy resistentes, composteras, juegos de parque, entre otras cosas. Y les hacemos ver&nbsp; que el compromiso de separar el material para reciclar, tiene una salida de sustentabilidad\u201d.&nbsp;<\/p>\n\n\n\n<p class=\"has-medium-font-size\">Es la primera vez que participan de la Expo PyMEs, \u201ccomenzamos en un momento muy dif\u00edcil de pandemia, pero estamos en crecimiento, trabajando con muchas empresas, pueblos y mucha gente de campo. Vendemos y colocamos biodigestores que reduce el impacto de contaminaci\u00f3n en el agua. Participar de esta expo nos hace relacionarnos con otras empresas que est\u00e1n en el rubro o nos complementamos\u201d.&nbsp;<\/p>\n\n\n\n<p class=\"has-medium-font-size\"><strong>TecnoCom: inform\u00e1tica y seguridad<\/strong><br>Esta empresa se dedica a la venta y reparaci\u00f3n de equipos inform\u00e1ticos, notbooks, red de datos e insumos, y la divisi\u00f3n de seguridad que iniciaron hace m\u00e1s de diez a\u00f1os. \u201cEstamos por cumplir 20 a\u00f1os con un equipo de gente que nos dedicamos al asesoramiento y soluciones de video vigilancia, control de accesos, sistemas de presentismo, alarmas de instrucci\u00f3n, enlaces inal\u00e1mbricos, redes de datos&#8221;.<\/p>\n\n\n\n<p class=\"has-medium-font-size\">La idea de estar presente en la Expo PyMEs &#8220;es ofrecer soluciones relacionadas con la industria o el campo. Los sistemas son avanzados de tecnolog\u00eda, que por ah\u00ed los productos manufacturados est\u00e1n, el tema es el valor agregado que uno le aporta para poder ofrecer soluciones a la medida de cada cliente\u201d, detallaron desde la empresa.\u00a0<\/p>\n\n\n\n<p class=\"has-medium-font-size\">Explic\u00f3 que la video vigilancia no es solo tener una imagen o la grabaci\u00f3n de un evento, sino trabajar con la parte anal\u00edtica de la informaci\u00f3n, analizando esos datos para tomar decisiones, \u201cy tener un mejor control y seguridad del establecimiento, empresa, instituci\u00f3n o de la organizaci\u00f3n\u201d.<\/p>\n\n\n\n<p class=\"has-medium-font-size\">Presentaron c\u00e1maras con soluciones t\u00e9rmicas, \u201cque permiten ver a 100, 200, 500 o 1000 metros de distancia cuando se quiere proteger una industria o un sector espec\u00edfico de un campo, identificar un m\u00ednimo foco de incendio, entre otras cosas. Se trata de tener la mayor cantidad de datos posibles, para transformarlos en informaci\u00f3n y tomar decisiones en base a eso\u201d.\u00a0<\/p>\n\n\n\n<p class=\"has-medium-font-size\">Participaron de la Expo PyMEs por cuarta vez, viendo resultados muy buenos, \u201cvenimos a promocionarnos, a hacer contactos, a relacionarnos y asesoramos a la gente que tiene dudas, a generar esa lista de contactos, donde por ah\u00ed pasa un tiempo y llaman para decir que nos vieron en la Expo PyMEs\u201d.\u00a0 <\/p>\n","protected":false},"excerpt":{"rendered":"<p>En la segunda jornada de la Expo PyMEs 2022, \u201cSinergia para el desarrollo\u201d, un nutrido<\/p>\n","protected":false},"author":1,"featured_media":25518,"comment_status":"closed","ping_status":"open","sticky":false,"template":"","format":"standard","meta":{"om_disable_all_campaigns":false,"_monsterinsights_skip_tracking":false,"_monsterinsights_sitenote_active":false,"_monsterinsights_sitenote_note":"","_monsterinsights_sitenote_category":0,"_uf_show_specific_survey":0,"_uf_disable_surveys":false,"footnotes":""},"categories":[32,1913],"tags":[],"class_list":["post-25514","post","type-post","status-publish","format-standard","has-post-thumbnail","hentry","category-actualidad","category-porvinciales"],"aioseo_notices":[],"_links":{"self":[{"href":"https:\/\/revistabife.com\/index.php\/wp-json\/wp\/v2\/posts\/25514"}],"collection":[{"href":"https:\/\/revistabife.com\/index.php\/wp-json\/wp\/v2\/posts"}],"about":[{"href":"https:\/\/revistabife.com\/index.php\/wp-json\/wp\/v2\/types\/post"}],"author":[{"embeddable":true,"href":"https:\/\/revistabife.com\/index.php\/wp-json\/wp\/v2\/users\/1"}],"replies":[{"embeddable":true,"href":"https:\/\/revistabife.com\/index.php\/wp-json\/wp\/v2\/comments?post=25514"}],"version-history":[{"count":2,"href":"https:\/\/revistabife.com\/index.php\/wp-json\/wp\/v2\/posts\/25514\/revisions"}],"predecessor-version":[{"id":25521,"href":"https:\/\/revistabife.com\/index.php\/wp-json\/wp\/v2\/posts\/25514\/revisions\/25521"}],"wp:featuredmedia":[{"embeddable":true,"href":"https:\/\/revistabife.com\/index.php\/wp-json\/wp\/v2\/media\/25518"}],"wp:attachment":[{"href":"https:\/\/revistabife.com\/index.php\/wp-json\/wp\/v2\/media?parent=25514"}],"wp:term":[{"taxonomy":"category","embeddable":true,"href":"https:\/\/revistabife.com\/index.php\/wp-json\/wp\/v2\/categories?post=25514"},{"taxonomy":"post_tag","embeddable":true,"href":"https:\/\/revistabife.com\/index.php\/wp-json\/wp\/v2\/tags?post=25514"}],"curies":[{"name":"wp","href":"https:\/\/api.w.org\/{rel}","templated":true}]}}