{"id":25506,"date":"2022-05-14T09:14:28","date_gmt":"2022-05-14T12:14:28","guid":{"rendered":"http:\/\/revistabife.com\/?p=25506"},"modified":"2022-05-14T09:14:29","modified_gmt":"2022-05-14T12:14:29","slug":"la-posible-relacion-entre-la-hepatitis-aguda-infantil-y-el-covid","status":"publish","type":"post","link":"https:\/\/revistabife.com\/index.php\/2022\/05\/14\/la-posible-relacion-entre-la-hepatitis-aguda-infantil-y-el-covid\/","title":{"rendered":"La posible relaci\u00f3n entre la hepatitis aguda infantil y el covid"},"content":{"rendered":"\n<p class=\"has-drop-cap has-medium-font-size\">La\u00a0<strong>Organizaci\u00f3n Mundial de la Salud<\/strong>\u00a0(OMS) inform\u00f3 que los casos de hepatitis aguda en ni\u00f1os, que ya alcanzan los 348 casos en 21 pa\u00edses, podr\u00edan estar relacionados al\u00a0<strong>coronavirus<\/strong>\u00a0y se trabaja sobre tres hip\u00f3tesis.<\/p>\n\n\n\n<p class=\"has-medium-font-size\">El organismo detall\u00f3 que la enfermedad afecta especialmente a ni\u00f1as y ni\u00f1os de entre 1 y 7 a\u00f1os y que del total de infectados, 26 menores requirieron un trasplante hep\u00e1tico.<\/p>\n\n\n\n<p class=\"has-medium-font-size\">En tanto, la OMS anunci\u00f3 que se trabaja en varias hip\u00f3tesis sobre el origen de la infecci\u00f3n y tres se vinculan al&nbsp;<strong>coronavirus.<\/strong><\/p>\n\n\n\n<p class=\"has-medium-font-size\">&#8220;En la \u00faltima semana se han producido algunos avances importantes con las investigaciones adicionales y algunos refinamientos de las hip\u00f3tesis de trabajo&#8221;, dijo en conferencia de prensa&nbsp;<strong>Philippa Easterbrook<\/strong>, del programa mundial de la OMS sobre la hepatitis.<\/p>\n\n\n\n<p class=\"has-medium-font-size\">Y agreg\u00f3: &#8220;Actualmente, las principales hip\u00f3tesis son las que implican al&nbsp;<strong>adenovirus<\/strong>, y tambi\u00e9n sigue siendo importante el papel del Covid-19&#8243;.<\/p>\n\n\n\n<p class=\"has-medium-font-size\">Sobre las tres posibles hip\u00f3tesis para explicar el origen de estas infecciones hep\u00e1ticas, la OMS advirti\u00f3 que una de las causas podr\u00eda ser&nbsp;<strong>el confinamiento por la pandemia del coronavirus y el uso de barbijo, lo que impidi\u00f3 que muchos ni\u00f1os y ni\u00f1as contraigan otros adenovirus m\u00e1s leves, necesarios para el sistema inmunol\u00f3gico natural, y ahora se enfrenten a una situaci\u00f3n m\u00e1s cr\u00edtica con un virus de gravedad.<\/strong><\/p>\n\n\n\n<p class=\"has-medium-font-size\">Otra de las hip\u00f3tesis, tambi\u00e9n relacionada al coronavirus, es que&nbsp;<strong>la coinfecci\u00f3n del adenovirus F-41 y la del SARS COV-2 sea especialmente maligna para organismos en formaci\u00f3n<\/strong>; y por \u00faltimo<strong>&nbsp;no se descarta que estemos ante la presencia de una mutaci\u00f3n del adenovirus.<\/strong><\/p>\n\n\n\n<p class=\"has-medium-font-size\">Al d\u00eda de hoy, s\u00f3lo seis pa\u00edses informaron m\u00e1s de cinco casos, con m\u00e1s de 160 en Gran Breta\u00f1a, que es donde se conoci\u00f3 el primer ni\u00f1o infectado, el pasado 5 de abril.&nbsp;<strong>En Argentina ser\u00edan nueve los casos que est\u00e1n siendo seguidos de cerca por las autoridades nacionales.<\/strong><\/p>\n","protected":false},"excerpt":{"rendered":"<p>La\u00a0Organizaci\u00f3n Mundial de la Salud\u00a0(OMS) inform\u00f3 que los casos de hepatitis aguda en ni\u00f1os, que<\/p>\n","protected":false},"author":1,"featured_media":11708,"comment_status":"closed","ping_status":"open","sticky":false,"template":"","format":"standard","meta":{"om_disable_all_campaigns":false,"_monsterinsights_skip_tracking":false,"_monsterinsights_sitenote_active":false,"_monsterinsights_sitenote_note":"","_monsterinsights_sitenote_category":0,"_uf_show_specific_survey":0,"_uf_disable_surveys":false,"footnotes":""},"categories":[32],"tags":[],"class_list":["post-25506","post","type-post","status-publish","format-standard","has-post-thumbnail","hentry","category-actualidad"],"aioseo_notices":[],"_links":{"self":[{"href":"https:\/\/revistabife.com\/index.php\/wp-json\/wp\/v2\/posts\/25506"}],"collection":[{"href":"https:\/\/revistabife.com\/index.php\/wp-json\/wp\/v2\/posts"}],"about":[{"href":"https:\/\/revistabife.com\/index.php\/wp-json\/wp\/v2\/types\/post"}],"author":[{"embeddable":true,"href":"https:\/\/revistabife.com\/index.php\/wp-json\/wp\/v2\/users\/1"}],"replies":[{"embeddable":true,"href":"https:\/\/revistabife.com\/index.php\/wp-json\/wp\/v2\/comments?post=25506"}],"version-history":[{"count":1,"href":"https:\/\/revistabife.com\/index.php\/wp-json\/wp\/v2\/posts\/25506\/revisions"}],"predecessor-version":[{"id":25507,"href":"https:\/\/revistabife.com\/index.php\/wp-json\/wp\/v2\/posts\/25506\/revisions\/25507"}],"wp:featuredmedia":[{"embeddable":true,"href":"https:\/\/revistabife.com\/index.php\/wp-json\/wp\/v2\/media\/11708"}],"wp:attachment":[{"href":"https:\/\/revistabife.com\/index.php\/wp-json\/wp\/v2\/media?parent=25506"}],"wp:term":[{"taxonomy":"category","embeddable":true,"href":"https:\/\/revistabife.com\/index.php\/wp-json\/wp\/v2\/categories?post=25506"},{"taxonomy":"post_tag","embeddable":true,"href":"https:\/\/revistabife.com\/index.php\/wp-json\/wp\/v2\/tags?post=25506"}],"curies":[{"name":"wp","href":"https:\/\/api.w.org\/{rel}","templated":true}]}}