{"id":22853,"date":"2021-12-09T10:48:11","date_gmt":"2021-12-09T13:48:11","guid":{"rendered":"http:\/\/revistabife.com\/?p=22853"},"modified":"2021-12-09T10:48:12","modified_gmt":"2021-12-09T13:48:12","slug":"corte-programado-para-este-viernes-en-una-zona-de-la-ciudad-de-santa-rosa","status":"publish","type":"post","link":"https:\/\/revistabife.com\/index.php\/2021\/12\/09\/corte-programado-para-este-viernes-en-una-zona-de-la-ciudad-de-santa-rosa\/","title":{"rendered":"Corte programado para este viernes en una zona de la ciudad de Santa Rosa"},"content":{"rendered":"\n<p class=\"has-drop-cap has-medium-font-size\">La CPE inform\u00f3 que este viernes 10 de diciembre, entre las 8 y las 9 horas, habr\u00e1 un corte programado de energ\u00eda el\u00e9ctrica en la zona delimitada por las calles Felice, Imaz, D&#8217;Atri y S\u00e1nchez.<\/p>\n\n\n\n<p class=\"has-medium-font-size\"> Incluye partes de los barrios El Faro y Los Hornos, de Santa Rosa. En ese lapso se realizar\u00e1n tareas de ampliaci\u00f3n y renovaci\u00f3n de l\u00edneas de media tensi\u00f3n sobre calle D&#8217;Atri. <\/p>\n","protected":false},"excerpt":{"rendered":"<p>La CPE inform\u00f3 que este viernes 10 de diciembre, entre las 8 y las 9<\/p>\n","protected":false},"author":1,"featured_media":15732,"comment_status":"closed","ping_status":"open","sticky":false,"template":"","format":"standard","meta":{"om_disable_all_campaigns":false,"_monsterinsights_skip_tracking":false,"_monsterinsights_sitenote_active":false,"_monsterinsights_sitenote_note":"","_monsterinsights_sitenote_category":0,"_uf_show_specific_survey":0,"_uf_disable_surveys":false,"footnotes":""},"categories":[32,1129,1913],"tags":[],"class_list":["post-22853","post","type-post","status-publish","format-standard","has-post-thumbnail","hentry","category-actualidad","category-en-foco","category-porvinciales"],"aioseo_notices":[],"_links":{"self":[{"href":"https:\/\/revistabife.com\/index.php\/wp-json\/wp\/v2\/posts\/22853"}],"collection":[{"href":"https:\/\/revistabife.com\/index.php\/wp-json\/wp\/v2\/posts"}],"about":[{"href":"https:\/\/revistabife.com\/index.php\/wp-json\/wp\/v2\/types\/post"}],"author":[{"embeddable":true,"href":"https:\/\/revistabife.com\/index.php\/wp-json\/wp\/v2\/users\/1"}],"replies":[{"embeddable":true,"href":"https:\/\/revistabife.com\/index.php\/wp-json\/wp\/v2\/comments?post=22853"}],"version-history":[{"count":1,"href":"https:\/\/revistabife.com\/index.php\/wp-json\/wp\/v2\/posts\/22853\/revisions"}],"predecessor-version":[{"id":22854,"href":"https:\/\/revistabife.com\/index.php\/wp-json\/wp\/v2\/posts\/22853\/revisions\/22854"}],"wp:featuredmedia":[{"embeddable":true,"href":"https:\/\/revistabife.com\/index.php\/wp-json\/wp\/v2\/media\/15732"}],"wp:attachment":[{"href":"https:\/\/revistabife.com\/index.php\/wp-json\/wp\/v2\/media?parent=22853"}],"wp:term":[{"taxonomy":"category","embeddable":true,"href":"https:\/\/revistabife.com\/index.php\/wp-json\/wp\/v2\/categories?post=22853"},{"taxonomy":"post_tag","embeddable":true,"href":"https:\/\/revistabife.com\/index.php\/wp-json\/wp\/v2\/tags?post=22853"}],"curies":[{"name":"wp","href":"https:\/\/api.w.org\/{rel}","templated":true}]}}