{"id":22247,"date":"2021-11-15T09:44:42","date_gmt":"2021-11-15T12:44:42","guid":{"rendered":"http:\/\/revistabife.com\/?p=22247"},"modified":"2021-11-15T09:44:45","modified_gmt":"2021-11-15T12:44:45","slug":"el-frente-de-todos-sera-la-primera-minoria-en-el-senado","status":"publish","type":"post","link":"https:\/\/revistabife.com\/index.php\/2021\/11\/15\/el-frente-de-todos-sera-la-primera-minoria-en-el-senado\/","title":{"rendered":"El Frente de Todos ser\u00e1 la primera minor\u00eda en el Senado"},"content":{"rendered":"\n<p class=\"has-drop-cap has-medium-font-size\">\n\nEl bloque oficialista del&nbsp;<strong>Frente de Todos<\/strong>&nbsp;ser\u00e1 desde el pr\u00f3ximo 10 de diciembre la primera minor\u00eda en el Senado de la Naci\u00f3n, de acuerdo con el resultado de las elecciones legislativas para<strong>&nbsp;renovar a un tercio de las bancas en la C\u00e1mara alta<\/strong>, que representan a las provincias de Corrientes, Catamarca, C\u00f3rdoba, Santa Fe, Chubut, La Pampa, Tucum\u00e1n y Mendoza.<\/p>\n\n\n\n<p class=\"has-medium-font-size\">El peronismo obtuvo el triunfo en las provincias de Catamarca y Tucum\u00e1n y no en las restantes. En tanto, en C\u00f3rdoba no logr\u00f3 conseguir la banca por la minor\u00eda.<\/p>\n\n\n\n<p class=\"has-medium-font-size\">A su vez, untos por el Cambio se hizo del triunfo en el resto de los distritos, en algunos de los cuales hasta hoy no ten\u00eda representantes. <\/p>\n\n\n\n<p class=\"has-medium-font-size\">\n\nDe ese modo, el Frente de Todos alinear\u00e1 una bancada de&nbsp;<strong>35 senadores<\/strong>&nbsp;(hasta diciembre ser\u00e1n 41), mientras que Juntos por el Cambio sentar\u00e1 a&nbsp;<strong>31 representantes propios<\/strong>&nbsp;(hasta diciembre, 25).<\/p>\n\n\n\n<p class=\"has-medium-font-size\">El Interbloque Parlamentario Federal, habitual aliado de la oposici\u00f3n, perdi\u00f3 una banca y quedar\u00e1 en tres.<\/p>\n\n\n\n<p class=\"has-medium-font-size\">Los aliados del oficialismo, el representante de&nbsp;<strong>Juntos Somos R\u00edo Negro<\/strong>, Alberto Weretilneck; y del&nbsp;<strong>Frente Renovador<\/strong><strong>de la Concordia<\/strong>, Magdalena Solari Quintana; no renovaron bancas en este turno.<\/p>\n\n\n\n<p class=\"has-medium-font-size\">Asimismo, ingresar\u00e1 al Senado una nueva fuerza pol\u00edtica:&nbsp;<strong>Hacemos por C\u00f3rdoba<\/strong>, que responde directamente al gobernador&nbsp;<strong>Juan Schiaretti<\/strong>.<\/p>\n\n\n\n<p><\/p>\n\n\n\n<h2 class=\"wp-block-heading\">C\u00f3rdoba<\/h2>\n\n\n\n<p class=\"has-medium-font-size\">En la provincia mediterr\u00e1nea,&nbsp;<strong>Juntos por el Cambio<\/strong>&nbsp;obtuvo el&nbsp;<strong>54,05<\/strong>&nbsp;por ciento de los votos, relegando al oficialismo local que logr\u00f3 el 24,98 por ciento de los sufragios. En tercer lugar qued\u00f3 el Frente de Todos por lo que el actual senador Carlos Caserio no pudo renovar por un nuevo mandato.<\/p>\n\n\n\n<p class=\"has-medium-font-size\">De ese modo, los representantes por C\u00f3rdoba desde diciembre ser\u00e1n&nbsp;<strong>Luis Juez<\/strong>&nbsp;y&nbsp;<strong>Carmen \u00c1lvarez<\/strong>, mientras que la actual diputada Alejandra Vigo, esposa del gobernador Schiaretti, se sentar\u00e1 en la banca de la minor\u00eda.<\/p>\n\n\n\n<p><\/p>\n\n\n\n<h2 class=\"wp-block-heading\">Corrientes<\/h2>\n\n\n\n<p class=\"has-medium-font-size\">En la provincia de Corrientes tambi\u00e9n triunf\u00f3 Juntos por el Cambio, esta vez como ECO+Vamos Corrientes, al obtener el 59,01 por ciento, sobre el Frente de Todos que fue votado por el 36,48 por ciento.<\/p>\n\n\n\n<p class=\"has-medium-font-size\">Los representantes de la oposici\u00f3n ser\u00e1n los legisladores provinciales&nbsp;<strong>Eduardo Vischi<\/strong>&nbsp;y&nbsp;<strong>Gabriela Valenzuela<\/strong>, mientras que por el Frente de Todos renov\u00f3 su banca&nbsp;<strong>Carlos &#8220;Camau&#8221; Esp\u00ednola<\/strong>. No pudo renovar en su banca la peronista&nbsp;<strong>Ana Almir\u00f3n<\/strong>.<\/p>\n\n\n\n<p><\/p>\n\n\n\n<h2 class=\"wp-block-heading\">Catamarca<\/h2>\n\n\n\n<p class=\"has-medium-font-size\">En Catamarca el triunfo fue del Frente de Todos: los senadores del oficialismo desde diciembre ser\u00e1n la actual diputada Luc\u00eda Corpacci y el oftalm\u00f3logo Guillermo Andrada. Por Juntos por el Cambio ingresar\u00e1 el dirigente radical Favio Flama.<\/p>\n\n\n\n<p class=\"has-medium-font-size\">All\u00ed el oficialismo obtuvo el 50,56 por ciento de los votos y la oposici\u00f3n el 37,11.<\/p>\n\n\n\n<p><\/p>\n\n\n\n<h2 class=\"wp-block-heading\">Tucum\u00e1n<\/h2>\n\n\n\n<p class=\"has-medium-font-size\">Tucum\u00e1n tambi\u00e9n le dio la victoria al oficialismo: el Frente de Todos obtuvo el 41,43 por ciento, mientras que Juntos por el Cambio, el 39,33.<\/p>\n\n\n\n<p class=\"has-medium-font-size\">Los representantes de esa provincia ser\u00e1n el actual diputado Pablo Yedlin y la legisladora provincial Sandra Mendoza. Mientras que por Juntos por el Cambio ingresar\u00e1 el intendente de la localidad de San Miguel de Tucum\u00e1n, Germ\u00e1n Alfaro.<\/p>\n\n\n\n<p class=\"has-medium-font-size\">El resto de las provincias le dieron su respaldo a la oposici\u00f3n de Juntos por el Cambio, al igual que en C\u00f3rdoba.<\/p>\n\n\n\n<p><\/p>\n\n\n\n<h2 class=\"wp-block-heading\">Santa Fe<\/h2>\n\n\n\n<p class=\"has-medium-font-size\">Por Santa Fe, los representantes ser\u00e1n la periodista&nbsp;<strong>Carolina Losada<\/strong>&nbsp;y el intendente de la localidad de Avellaneda,&nbsp;<strong>Dionisio Scarpin<\/strong>; mientras que la banca por la minor\u00eda ser\u00e1 ocupada por el periodista&nbsp;<strong>Marcelo Lewandowski<\/strong>. La actual senadora&nbsp;<strong>Mar\u00eda de los \u00c1ngeles Sacnun<\/strong>, segunda en la lista del oficialismo, no pudo renovar por seis a\u00f1os m\u00e1s.<\/p>\n\n\n\n<p class=\"has-medium-font-size\">All\u00ed, Juntos por el Cambio fue votado por el&nbsp;<strong>40,54<\/strong>&nbsp;por ciento de los votos, mientras que el Frente de Todos se qued\u00f3 con el&nbsp;<strong>32.12<\/strong>&nbsp;por ciento.<\/p>\n\n\n\n<p><\/p>\n\n\n\n<h2 class=\"wp-block-heading\">Chubut<\/h2>\n\n\n\n<p class=\"has-medium-font-size\">La oposici\u00f3n tambi\u00e9n logr\u00f3 la victoria en&nbsp;<strong>Chubut<\/strong>, donde no ten\u00eda representantes desde 2015 al consagrar el triunfo del binomio compuesto por el diputado nacional<strong>&nbsp;Ignacio Torres<\/strong>&nbsp;y la polit\u00f3loga&nbsp;<strong>Edith Terenzi<\/strong>&nbsp;que fueron votados por el&nbsp;<strong>38,13 por ciento<\/strong>&nbsp;de los chubutenses.<\/p>\n\n\n\n<p class=\"has-medium-font-size\">El Frente de Todos, que obtuvo el&nbsp;<strong>28,16,<\/strong>&nbsp;consagr\u00f3 como senador al ex intendente de Comodoro Rivadavia,&nbsp;<strong>Carlos Linares<\/strong>.<\/p>\n\n\n\n<p><\/p>\n\n\n\n<h2 class=\"wp-block-heading\">La Pampa<\/h2>\n\n\n\n<p class=\"has-medium-font-size\">En&nbsp;<strong>La Pampa<\/strong>, Juntos por el Cambio se llev\u00f3 el&nbsp;<strong>48,34<\/strong>&nbsp;por ciento de los votos, sobre el Frente de Todos, que logr\u00f3 el&nbsp;<strong>42,11<\/strong>.<\/p>\n\n\n\n<p class=\"has-medium-font-size\">El diputado nacional&nbsp;<strong>Daniel Kroneberger<\/strong>&nbsp;y la militante de PRO&nbsp;<strong>Mar\u00eda Victoria Huala<\/strong>&nbsp;ocupar\u00e1n las bancas de la mayor\u00eda; mientras que el ministro de Gobierno de La Pampa, Daniel Bensus\u00e1n se sentar\u00e1 en la de la minor\u00eda.<\/p>\n\n\n\n<p class=\"has-medium-font-size\">La actual secretaria Administrativa del Senado,&nbsp;<strong>Mar\u00eda Luz Alonso<\/strong>, no logr\u00f3 ingresar como legisladora a la C\u00e1mara alta.<\/p>\n\n\n\n<p><\/p>\n\n\n\n<h2 class=\"wp-block-heading\">Mendoza<\/h2>\n\n\n\n<p class=\"has-medium-font-size\">Finalmente, el ex gobernador y actual diputado nacional,&nbsp;<strong>Alfredo Cornejo<\/strong>, y la ministra de Cultura de la provincia,&nbsp;<strong>Mariana Juri<\/strong>; lograron el triunfo con la denominaci\u00f3n Cambia Mendoza (dentro de Juntos por el Cambio) al obtener el&nbsp;<strong>49,68<\/strong>&nbsp;por ciento de los sufragios.<\/p>\n\n\n\n<p class=\"has-medium-font-size\">La actual senadora nacional,&nbsp;<strong>Anabel Fern\u00e1ndez Sagasti<\/strong>, mantuvo la banca por la minor\u00eda al ser votada por el 26,09 por ciento.\n\n<\/p>\n","protected":false},"excerpt":{"rendered":"<p>El bloque oficialista del&nbsp;Frente de Todos&nbsp;ser\u00e1 desde el pr\u00f3ximo 10 de diciembre la primera minor\u00eda<\/p>\n","protected":false},"author":1,"featured_media":22251,"comment_status":"open","ping_status":"open","sticky":false,"template":"","format":"standard","meta":{"om_disable_all_campaigns":false,"_monsterinsights_skip_tracking":false,"_monsterinsights_sitenote_active":false,"_monsterinsights_sitenote_note":"","_monsterinsights_sitenote_category":0,"_uf_show_specific_survey":0,"_uf_disable_surveys":false,"footnotes":""},"categories":[32,1129,1868],"tags":[],"class_list":["post-22247","post","type-post","status-publish","format-standard","has-post-thumbnail","hentry","category-actualidad","category-en-foco","category-nacionales-2"],"aioseo_notices":[],"_links":{"self":[{"href":"https:\/\/revistabife.com\/index.php\/wp-json\/wp\/v2\/posts\/22247"}],"collection":[{"href":"https:\/\/revistabife.com\/index.php\/wp-json\/wp\/v2\/posts"}],"about":[{"href":"https:\/\/revistabife.com\/index.php\/wp-json\/wp\/v2\/types\/post"}],"author":[{"embeddable":true,"href":"https:\/\/revistabife.com\/index.php\/wp-json\/wp\/v2\/users\/1"}],"replies":[{"embeddable":true,"href":"https:\/\/revistabife.com\/index.php\/wp-json\/wp\/v2\/comments?post=22247"}],"version-history":[{"count":1,"href":"https:\/\/revistabife.com\/index.php\/wp-json\/wp\/v2\/posts\/22247\/revisions"}],"predecessor-version":[{"id":22252,"href":"https:\/\/revistabife.com\/index.php\/wp-json\/wp\/v2\/posts\/22247\/revisions\/22252"}],"wp:featuredmedia":[{"embeddable":true,"href":"https:\/\/revistabife.com\/index.php\/wp-json\/wp\/v2\/media\/22251"}],"wp:attachment":[{"href":"https:\/\/revistabife.com\/index.php\/wp-json\/wp\/v2\/media?parent=22247"}],"wp:term":[{"taxonomy":"category","embeddable":true,"href":"https:\/\/revistabife.com\/index.php\/wp-json\/wp\/v2\/categories?post=22247"},{"taxonomy":"post_tag","embeddable":true,"href":"https:\/\/revistabife.com\/index.php\/wp-json\/wp\/v2\/tags?post=22247"}],"curies":[{"name":"wp","href":"https:\/\/api.w.org\/{rel}","templated":true}]}}