{"id":21949,"date":"2021-11-05T18:04:53","date_gmt":"2021-11-05T21:04:53","guid":{"rendered":"http:\/\/revistabife.com\/?p=21949"},"modified":"2021-11-05T18:04:56","modified_gmt":"2021-11-05T21:04:56","slug":"ziliotto-informo-que-en-22-meses-se-invirtieron-24-000-millones-en-obras-publicas","status":"publish","type":"post","link":"https:\/\/revistabife.com\/index.php\/2021\/11\/05\/ziliotto-informo-que-en-22-meses-se-invirtieron-24-000-millones-en-obras-publicas\/","title":{"rendered":"Ziliotto inform\u00f3 que en 22 meses se invirtieron $24.000 millones en obras p\u00fablicas"},"content":{"rendered":"\n<p class=\"has-drop-cap has-medium-font-size\">El gobernador Sergio Ziliotto dio a conocer la cifra, en el marco de la licitaci\u00f3n del nuevo Sistema de Transferencia y Red de Agua Potable -Zona Sur, Etapa 1- de General Pico, que demandar\u00e1 una inversi\u00f3n cercana a los $340 millones.\u00a0<\/p>\n\n\n\n<p class=\"has-medium-font-size\">El volumen de inversi\u00f3n \u201cmarca un gran involucramiento del Estado, que desde nuestro punto de vista ideol\u00f3gico debe tener capacidad y decisi\u00f3n de intervenir en la econom\u00eda porque eso genera mejor calidad de vida, reactivaci\u00f3n econ\u00f3mica y trabajo\u201d se\u00f1al\u00f3 el Gobernador.<\/p>\n\n\n\n<p class=\"has-medium-font-size\">El mandatario pampeano fue recibido en el sal\u00f3n MEDANO de General Pico por el viceintendente a cargo del Ejecutivo, Daniel L\u00f3pez. En la apertura de sobres de la licitaci\u00f3n estuvieron el ministro de Obras y Servicios P\u00fablicos, Juan Ram\u00f3n Garay; el secretario de Asuntos Municipales, Rogelio Schanton; el administrador de la Administraci\u00f3n Provincial del Agua, Fabricio Gonz\u00e1lez Mart\u00edn; el diputado provincial Mart\u00edn Balsa; la diputada provincial Carina Pereyra; concejales; funcionarios y empresarios oferentes.<\/p>\n\n\n\n<p class=\"has-medium-font-size\">L\u00f3pez agradeci\u00f3 la presencia de la comitiva oficial y afirm\u00f3 que \u201cla obra que se licita es la concreci\u00f3n de aquello que se hab\u00eda prometido y hoy se est\u00e1 cumpliendo, como el Gobierno provincial siempre lo hizo. Que el Estado est\u00e9 presente para dar respuesta a una demanda que mejora la calidad de vida de vecinas y vecinos, es para agradecer\u201d.<\/p>\n\n\n\n<p class=\"has-medium-font-size\"><strong>Obras p\u00fablicas<\/strong><br>El Gobernador explic\u00f3 que uno de los principales objetivos de su gesti\u00f3n, \u201cen el marco de una concepci\u00f3n ideol\u00f3gica en cuanto a cu\u00e1l debe ser el rol de Estado, y una pol\u00edtica hist\u00f3rica en la provincia de La Pampa en todos los gobiernos que me antecedieron, tiene que ver con la inversi\u00f3n p\u00fablica para generar infraestructura social y tambi\u00e9n econ\u00f3mica\u201d.<br>En este sentido afirm\u00f3 que \u201cpor distintas razones pudimos mantener el nivel de inversi\u00f3n p\u00fablica de una forma muy importante a pesar de la pandemia. Si bien tuvimos que aumentar el presupuesto de Salud en un 30% no dejamos de invertir en lo que tambi\u00e9n genera actividad econ\u00f3mica y trabajo registrado, a\u00fan en \u00e9pocas de crisis econ\u00f3mica o sanitaria\u201d.<br>\u201cEsta obra que hoy estamos licitando en General Pico y tambi\u00e9n otra que se est\u00e1 licitando en Santa Rosa (ampliaci\u00f3n y refacci\u00f3n de la sede del Ministerio de Desarrollo Social en General Pico) integran un paquete de nuestras primeras 120 obras en estos 22 meses de gesti\u00f3n, que superan los 24.000 millones de pesos. A eso hay que sumarle todas las obras que ven\u00edan en ejecuci\u00f3n y que se hab\u00edan licitado de la gesti\u00f3n de Carlos Verna\u201d.<br>Precis\u00f3 que lo detallado en relaci\u00f3n a obra p\u00fablica, \u201cmarca un gran involucramiento del Estado, que desde nuestro punto de vista ideol\u00f3gico debe tener capacidad y decisi\u00f3n de intervenir en la econom\u00eda porque eso genera mejor calidad de vida, reactivaci\u00f3n econ\u00f3mica y trabajo\u201d.<br>En relaci\u00f3n al n\u00famero in\u00e9dito de obras e inversi\u00f3n, el mandatario provincial destac\u00f3 el acompa\u00f1amiento del Gobierno nacional, \u201clo que nos da un enorme plus. Como saben es nuestra decisi\u00f3n planificar y seguir ejecutando obras de esta magnitud porque son necesarias\u201d.<br>\u201cTanto las obras de la semana pasada como la que licitamos reci\u00e9n, &nbsp;tienen que ver con brindar servicios p\u00fablicos de calidad, para que tengan mejor calidad de vida cada uno de las y los piquenses; en ese sentido es una enorme satisfacci\u00f3n venir a Pico a traer las soluciones, que la gente requiere y porque realmente estamos decididos a dar esas respuestas\u201d.<\/p>\n\n\n\n<p class=\"has-medium-font-size\"><strong>Confianza en el rumbo econ\u00f3mico<\/strong><br>Otro de los puntos abordados por Sergio Ziliotto fue un nuevo monto crediticio destinado al apoyo a PyMEs, \u201cel primer an\u00e1lisis que hacemos quienes integramos el equipo de Gobierno, incluido el Banco de La Pampa y el FoGaPAm, \u00a0es de una enorme satisfacci\u00f3n\u201d.<\/p>\n\n\n\n<p class=\"has-medium-font-size\">\u201cNos \u00a0genera optimismo ver que los empresarios, los comerciantes est\u00e9n confiando en el rumbo econ\u00f3mico que lleva adelante el pa\u00eds y arriesgan tomando cr\u00e9ditos y emprendiendo nuevas actividades, ampliando el giro de su negocio\u201d, afirm\u00f3.<\/p>\n\n\n\n<p class=\"has-medium-font-size\">Detall\u00f3 que la l\u00ednea de cr\u00e9dito est\u00e1 destinada a capital de trabajo y que es para todos los sectores econ\u00f3micos. \u201cPusimos una cartera inicial de 1.000 millones de pesos, se agot\u00f3 r\u00e1pidamente; la semana pasada decidimos incorporar otros 1.000 millones de pesos, tambi\u00e9n se agotaron y por eso pusimos 1.000 millones de pesos m\u00e1s que a su vez tienen la contrapartida de un esfuerzo presupuestario importante porque es con subsidio de tasas. Estos cr\u00e9ditos tienen no solo la posibilidad de un acceso a trav\u00e9s del BLP, una garant\u00eda en el caso que sea necesario a trav\u00e9s de FoGaPam, sino tambi\u00e9n tienen un mediano plazo, con meses de gracia y con un subsidio de 12 puntos por parte del presupuesto provincial\u201d, ampli\u00f3 el mandatario.<\/p>\n\n\n\n<p class=\"has-medium-font-size\">\u201cEn el caso particular de General Pico nos llena de orgullo que sea la que m\u00e1s cr\u00e9ditos tom\u00f3 a trav\u00e9s de sus empresarios y comerciantes. Vemos un horizonte que nos permite mirar con optimismo, porque aquellos que arriesgan todos los d\u00edas tienen una gran perspectiva, conf\u00edan en el pa\u00eds, m\u00e1s all\u00e1 de todo el mensaje que nos quieran bajar desde algunos medios diciendo que este pa\u00eds no da para m\u00e1s o que hay que irse\u201d, sostuvo.<\/p>\n\n\n\n<p class=\"has-medium-font-size\">Ziliotto destac\u00f3 que \u201chay un \u00a0hecho distintivo y es que el sector productivo ve condiciones y ve que hay un Estado presente que lo ayuda a achicar el riesgo y avanzar, que no es nada m\u00e1s que reactivar, dar trabajo y eso genera inclusi\u00f3n e igualdad de oportunidades\u201d.<\/p>\n\n\n\n<p class=\"has-medium-font-size\">De 1.972 millones de pesos que se hab\u00edan tomado en cr\u00e9ditos hasta el \u00faltimo mi\u00e9rcoles, \u201ca General Pico correspond\u00edan 469 millones, y de acuerdo a la distribuci\u00f3n que tiene la ciudad \u2013se toman los cr\u00e9ditos por sucursal, con zona de influencia- el sector del agro es el que m\u00e1s tom\u00f3 cr\u00e9dito, despu\u00e9s sigue el comercio, los servicios y la industria. Nosotros no discriminamos sectores econ\u00f3micos, la reactivaci\u00f3n pasa por todos los sectores\u201d, afirm\u00f3.<\/p>\n\n\n\n<p class=\"has-medium-font-size\"><strong>Acueducto del r\u00edo Colorado<\/strong><br>\u201cLos recursos para el Acueducto (Santa Rosa-General Pico) van a estar en el presupuesto que vamos a aprobar en el Congreso de la Naci\u00f3n. Es un compromiso del presidente (Alberto Fern\u00e1ndez), firmamos el convenio con \u00e9l, con el jefe de Gabinete, con el ministro del Interior y con el ministro (de Obras P\u00fablicas, Gabriel) Katopodis\u201d, concluy\u00f3.<\/p>\n\n\n\n<p class=\"has-medium-font-size\">Finalmente indic\u00f3 que \u201chay un monto inicial de presupuesto y a su vez tambi\u00e9n la factibilidad financiera para ejercicios futuros. Creo no equivocarme que para el ejercicio 2022 hay 3.800 millones de pesos de inversi\u00f3n global en la obra del Acueducto\u201d.<br><\/p>\n","protected":false},"excerpt":{"rendered":"<p>El gobernador Sergio Ziliotto dio a conocer la cifra, en el marco de la licitaci\u00f3n<\/p>\n","protected":false},"author":1,"featured_media":21950,"comment_status":"open","ping_status":"open","sticky":false,"template":"","format":"standard","meta":{"om_disable_all_campaigns":false,"_monsterinsights_skip_tracking":false,"_monsterinsights_sitenote_active":false,"_monsterinsights_sitenote_note":"","_monsterinsights_sitenote_category":0,"_uf_show_specific_survey":0,"_uf_disable_surveys":false,"footnotes":""},"categories":[32,1129,1913],"tags":[],"class_list":["post-21949","post","type-post","status-publish","format-standard","has-post-thumbnail","hentry","category-actualidad","category-en-foco","category-porvinciales"],"aioseo_notices":[],"_links":{"self":[{"href":"https:\/\/revistabife.com\/index.php\/wp-json\/wp\/v2\/posts\/21949"}],"collection":[{"href":"https:\/\/revistabife.com\/index.php\/wp-json\/wp\/v2\/posts"}],"about":[{"href":"https:\/\/revistabife.com\/index.php\/wp-json\/wp\/v2\/types\/post"}],"author":[{"embeddable":true,"href":"https:\/\/revistabife.com\/index.php\/wp-json\/wp\/v2\/users\/1"}],"replies":[{"embeddable":true,"href":"https:\/\/revistabife.com\/index.php\/wp-json\/wp\/v2\/comments?post=21949"}],"version-history":[{"count":1,"href":"https:\/\/revistabife.com\/index.php\/wp-json\/wp\/v2\/posts\/21949\/revisions"}],"predecessor-version":[{"id":21951,"href":"https:\/\/revistabife.com\/index.php\/wp-json\/wp\/v2\/posts\/21949\/revisions\/21951"}],"wp:featuredmedia":[{"embeddable":true,"href":"https:\/\/revistabife.com\/index.php\/wp-json\/wp\/v2\/media\/21950"}],"wp:attachment":[{"href":"https:\/\/revistabife.com\/index.php\/wp-json\/wp\/v2\/media?parent=21949"}],"wp:term":[{"taxonomy":"category","embeddable":true,"href":"https:\/\/revistabife.com\/index.php\/wp-json\/wp\/v2\/categories?post=21949"},{"taxonomy":"post_tag","embeddable":true,"href":"https:\/\/revistabife.com\/index.php\/wp-json\/wp\/v2\/tags?post=21949"}],"curies":[{"name":"wp","href":"https:\/\/api.w.org\/{rel}","templated":true}]}}