{"id":21449,"date":"2021-10-13T20:38:57","date_gmt":"2021-10-13T23:38:57","guid":{"rendered":"http:\/\/revistabife.com\/?p=21449"},"modified":"2021-10-13T20:38:58","modified_gmt":"2021-10-13T23:38:58","slug":"la-provincia-utilizara-5-509-millones-de-las-reservas-en-el-presupuesto-2021","status":"publish","type":"post","link":"https:\/\/revistabife.com\/index.php\/2021\/10\/13\/la-provincia-utilizara-5-509-millones-de-las-reservas-en-el-presupuesto-2021\/","title":{"rendered":"La provincia utilizar\u00e1 5.509 millones de las reservas en el Presupuesto 2021"},"content":{"rendered":"\n<p class=\"has-drop-cap has-medium-font-size\">El ministro de Hacienda Ernesto Franco lo inform\u00f3 en la comisi\u00f3n de Hacienda y Presupuesto. Tambi\u00e9n revel\u00f3 que ayer ingresaron los 2.229 millones de pesos de la deuda previsional de Naci\u00f3n.<\/p>\n\n\n\n<p class=\"has-medium-font-size\">&nbsp;Franco, y su equipo de trabajo, asistieron para exponer sobre los \u00faltimos tres proyectos del Poder Ejecutivo que ya tienen dictamen, vinculados a acuerdos con naci\u00f3n y al incremento del Presupuesto 2021.<\/p>\n\n\n\n<p class=\"has-medium-font-size\">Habl\u00f3 del destino de los 2.229 millones de pesos y del aumento del Presupuesto 2021.<\/p>\n\n\n\n<p class=\"has-medium-font-size\">En primer lugar, el ministro agradeci\u00f3 a las y los diputados por haber emitido dictamen y as\u00ed acelerar los tiempos, ya que en el d\u00eda de ayer ingresaron los 2.229 millones de pesos correspondientes al primero de los proyectos que tiene que ver con un acuerdo de pago entre la provincia de La Pampa y el Estado Nacional. No obstante, para que dichos fondos puedan ser utilizados se tiene que esperar a la aprobaci\u00f3n en una Sesi\u00f3n Ordinaria.<\/p>\n\n\n\n<p class=\"has-medium-font-size\">A continuaci\u00f3n, Franco pas\u00f3 a realizar un recorrido hist\u00f3rico para explicar de d\u00f3nde surge el acuerdo recientemente concluido entre Provincia y Naci\u00f3n. \u201cEn los acuerdos federales durante la \u00e9poca de Cavallo se planteaba que todas las cajas provinciales iban a ser transferidas a Naci\u00f3n. Sin embargo, no todas las provincias transfirieron sus cajas. En ese momento era transferir o hacer una modificaci\u00f3n a la ley, para no entrar en d\u00e9ficit, y La Pampa opt\u00f3 por \u00e9sta \u00faltima. Se pudo incluir un art\u00edculo que postulaba que Naci\u00f3n soportara los d\u00e9ficit parciales, en este caso del sistema policial\u201d, explic\u00f3.<\/p>\n\n\n\n<p class=\"has-medium-font-size\">\u201cEn el 2009 al 2015 se genera un planteo de que no hay auditoria, entonces no hay deuda. Empieza la problem\u00e1tica de que si no hay deuda no se pagaba. Se plante\u00f3 ante la Corte de que vengan a hacer la auditor\u00eda. Esa auditor\u00eda se prorrog\u00f3 por la pandemia, y se lleg\u00f3 a un planteo de que la deuda hist\u00f3rica, a la cual se le cargan los intereses que reconoce la Corte, a partir de la presentaci\u00f3n de la demanda, lleg\u00f3 a la cifra de 2.229 millones de pesos, que es el convenio que se ha firmado\u201d, asegur\u00f3.<\/p>\n\n\n\n<p class=\"has-medium-font-size\">Adem\u00e1s, revel\u00f3 que \u201ceste convenio permite concluir todas las situaciones litigiosas que existen con Naci\u00f3n referido al tema previsional. Es la \u00fanica provincia que pudo lograr esto sin haber cedido a las grandes quitas que nos propon\u00edan\u201d, destac\u00f3 el ministro.<\/p>\n\n\n\n<p class=\"has-medium-font-size\">\u201cEl destino que se propone dar \u2013sigui\u00f3 Franco- es hacer un aporte al Fideicomiso de viviendas, al Ministerio de Producci\u00f3n para el subsidio de tasas y otra cifra destinado al Fondo de Garant\u00eda Pampeanas que potenciar\u00eda lo que hoy ya tiene como posibilidad de garantizar pymes\u201d.<\/p>\n\n\n\n<p class=\"has-medium-font-size\">En la ronda de preguntas, el diputado Mauricio Ag\u00f3n consult\u00f3 por qu\u00e9 no se exigieron las auditorias entre el 2009 y 2015 para poder cobrar la deuda. \u201cLa Anses no le pag\u00f3 a ninguna provincia, y el argumento eran \u2018no tengo los datos tuyos\u2019\u201d, contest\u00f3 Franco.<\/p>\n\n\n\n<p class=\"has-medium-font-size\">Sobre el segundo de los proyectos, por el que se aprueba el Convenio Bilateral de Financiamiento entre ANSES y la Provincia de La Pampa, el ministro dijo: \u201cLo que rige es que las provincias que no transfirieron, van a tener el mismo sistema como si hubieran transferido. Es decir, el sistema que se aplica es el que rige a partir del 1 de enero de 2017\u201d.<\/p>\n\n\n\n<p class=\"has-medium-font-size\">En cuanto a la tercera de las iniciativas, por la que se incrementa el Presupuesto General de la Administraci\u00f3n Provincial para el Ejercicio 2021, Franco expres\u00f3: \u201cEs evidente que la econom\u00eda ha empezado a recuperarse. Muchos sectores comenzaron a mejorar. Hubo una negociaci\u00f3n de la deuda externa que fue favorable. Nosotros lo que hacemos es seguir lo que viene haciendo el gobierno nacional. Y el nivel de actividad e inflaci\u00f3n ha hecho que los recursos se incrementen\u201d.<\/p>\n\n\n\n<p class=\"has-medium-font-size\">A su vez, coment\u00f3 que \u201chay un blanqueo important\u00edsimo de la econom\u00eda, por muchas razones, por eso no hay que ponerse contentos con el nivel de recaudaci\u00f3n\u201d.<\/p>\n\n\n\n<p class=\"has-medium-font-size\">A grandes rasgos, casi el 60% del incremento del presupuesto es para atender a la pol\u00edtica salarial. \u201cNosotros hab\u00edamos estimado un incremento del 29% para que los salarios no pierdan con la inflaci\u00f3n, pero ya en el primer semestre se ha otorgado aumentos salariales por el 27,45%, y al mes de septiembre llevamos el 34,45%\u201d, revel\u00f3 Franco.<\/p>\n\n\n\n<p class=\"has-medium-font-size\">Tambi\u00e9n, en Desarrollo Social hay un \u00e1rea importante que es el destinado a la tarjeta alimentaria. \u201cEl programa de la tarjeta alimentaria se financia con el 7% de la recaudaci\u00f3n de regal\u00edas. Este a\u00f1o la recaudaci\u00f3n no ha sido lo suficiente para atender a esa demanda, y se est\u00e1 reforzando con partidas de rentas generales, por 350 millones de pesos\u201d, indic\u00f3.<\/p>\n\n\n\n<p class=\"has-medium-font-size\">Adem\u00e1s, en el Ministerio de la Producci\u00f3n hay un aporte destinado a la Agencia de Inversiones. En Seguridad, los gastos corren por el funcionamiento, como el combustible o reparaciones de m\u00f3viles policiales. En Canal 3 hay una partida importante que tiene que ver con el equipamiento. En Obras P\u00fablicas, fundamentalmente las partidas se destinan para terminar el nuevo hospital. Y en Salud sobre todo es para restituir gastos que se utilizaron por la emergencia sanitaria.<\/p>\n\n\n\n<p class=\"has-medium-font-size\">\u201cEl planteo real y concreto es que el presupuesto en Obra P\u00fablica se va a necesitar 3.609 millones de pesos m\u00e1s hasta fin de a\u00f1o. O sea, en realidad el ejercicio 2021 \u2013en rentas generales- va a erogar 5.609 millones de reservas. Una cifra espectacular, que si no hubiera estado la pandemia, hubi\u00e9ramos estado equilibrados\u201d, concluy\u00f3 Franco.<\/p>\n","protected":false},"excerpt":{"rendered":"<p>El ministro de Hacienda Ernesto Franco lo inform\u00f3 en la comisi\u00f3n de Hacienda y Presupuesto.<\/p>\n","protected":false},"author":1,"featured_media":21450,"comment_status":"open","ping_status":"open","sticky":false,"template":"","format":"standard","meta":{"om_disable_all_campaigns":false,"_monsterinsights_skip_tracking":false,"_monsterinsights_sitenote_active":false,"_monsterinsights_sitenote_note":"","_monsterinsights_sitenote_category":0,"_uf_show_specific_survey":0,"_uf_disable_surveys":false,"footnotes":""},"categories":[32,1129,1913],"tags":[],"class_list":["post-21449","post","type-post","status-publish","format-standard","has-post-thumbnail","hentry","category-actualidad","category-en-foco","category-porvinciales"],"aioseo_notices":[],"_links":{"self":[{"href":"https:\/\/revistabife.com\/index.php\/wp-json\/wp\/v2\/posts\/21449"}],"collection":[{"href":"https:\/\/revistabife.com\/index.php\/wp-json\/wp\/v2\/posts"}],"about":[{"href":"https:\/\/revistabife.com\/index.php\/wp-json\/wp\/v2\/types\/post"}],"author":[{"embeddable":true,"href":"https:\/\/revistabife.com\/index.php\/wp-json\/wp\/v2\/users\/1"}],"replies":[{"embeddable":true,"href":"https:\/\/revistabife.com\/index.php\/wp-json\/wp\/v2\/comments?post=21449"}],"version-history":[{"count":1,"href":"https:\/\/revistabife.com\/index.php\/wp-json\/wp\/v2\/posts\/21449\/revisions"}],"predecessor-version":[{"id":21451,"href":"https:\/\/revistabife.com\/index.php\/wp-json\/wp\/v2\/posts\/21449\/revisions\/21451"}],"wp:featuredmedia":[{"embeddable":true,"href":"https:\/\/revistabife.com\/index.php\/wp-json\/wp\/v2\/media\/21450"}],"wp:attachment":[{"href":"https:\/\/revistabife.com\/index.php\/wp-json\/wp\/v2\/media?parent=21449"}],"wp:term":[{"taxonomy":"category","embeddable":true,"href":"https:\/\/revistabife.com\/index.php\/wp-json\/wp\/v2\/categories?post=21449"},{"taxonomy":"post_tag","embeddable":true,"href":"https:\/\/revistabife.com\/index.php\/wp-json\/wp\/v2\/tags?post=21449"}],"curies":[{"name":"wp","href":"https:\/\/api.w.org\/{rel}","templated":true}]}}