{"id":21446,"date":"2021-10-13T10:56:43","date_gmt":"2021-10-13T13:56:43","guid":{"rendered":"http:\/\/revistabife.com\/?p=21446"},"modified":"2021-10-13T10:56:44","modified_gmt":"2021-10-13T13:56:44","slug":"kulfas-afirmo-que-se-esta-evaluando-modificar-la-prohibicion-de-despidos-y-la-doble-indemnizacion","status":"publish","type":"post","link":"https:\/\/revistabife.com\/index.php\/2021\/10\/13\/kulfas-afirmo-que-se-esta-evaluando-modificar-la-prohibicion-de-despidos-y-la-doble-indemnizacion\/","title":{"rendered":"Kulfas afirm\u00f3 que &#8220;se est\u00e1 evaluando&#8221; modificar la prohibici\u00f3n de despidos y la doble indemnizaci\u00f3n"},"content":{"rendered":"\n<p class=\"has-drop-cap has-medium-font-size\">El ministro de Desarrollo Productivo, Mat\u00edas Kulfas, adelant\u00f3 este mi\u00e9rcoles que\u00a0<strong>\u201cse est\u00e1 evaluando\u201d la modificaci\u00f3n de la normativa que establece la doble indemnizaci\u00f3n y la prohibici\u00f3n de despidos<\/strong>, implementadas en diciembre de 2019 y marzo de 2020, respectivamente.<\/p>\n\n\n\n<p class=\"has-medium-font-size\">Consultado sobre la posibilidad de que se modifiquen este a\u00f1o (ambas normas tienen vigencia hasta el 31 de diciembre), Kulfas manifest\u00f3 que \u201cse est\u00e1 evaluando y es una posibilidad\u201d.<\/p>\n\n\n\n<p class=\"has-medium-font-size\"><strong>\u201cEs un tema que est\u00e1 en an\u00e1lisis permanente y es probable que se prorrogue o se modifique por otra norma que estimule la creaci\u00f3n de empleo generando un marco regulatorio y siempre cuidando a los sectores m\u00e1s postergados\u201d<\/strong>, agreg\u00f3 el ministro esta ma\u00f1ana en di\u00e1logo con FM Futurock.<\/p>\n\n\n\n<p class=\"has-medium-font-size\">La normativa fue uno de los temas de la agenda en la reuni\u00f3n que mantuvo el presidente Alberto Fern\u00e1ndez con un grupo de empresarios en la tarde del martes, donde se coincidi\u00f3 con la necesidad de atraer inversiones, \u201cencontrar soluciones de manera conjunta\u201d y generar estrategias destinadas a crear empleo genuino.<\/p>\n\n\n\n<p><\/p>\n\n\n\n<blockquote class=\"wp-block-quote is-layout-flow wp-block-quote-is-layout-flow\"><p>La normativa fue uno de los temas de la agenda en la reuni\u00f3n que mantuvo el presidente con un grupo de empresarios en la tarde del martes, donde se coincidi\u00f3 con la necesidad de atraer inversiones<\/p><\/blockquote>\n\n\n\n<p class=\"has-medium-font-size\">En ese marco, Kulfas record\u00f3 la \u201csituaci\u00f3n complicada\u201d en materia de empleo al comenzar la actual gesti\u00f3n.<\/p>\n\n\n\n<p class=\"has-medium-font-size\"><strong>\u201cSe hab\u00edan perdido 169.000 empleos en el sector industrial durante el gobierno anterior\u201d, puntualiz\u00f3, y a\u00f1adi\u00f3: \u201csobre eso, se mont\u00f3 la crisis del coronavirus que, sin dudas, tuvo un impacto importante en el empleo a pesar de las medidas que tomamos\u201d.<\/strong><\/p>\n\n\n\n<p class=\"has-medium-font-size\">Tras lo cual, Kulfas detall\u00f3 que en \u201calgunos sectores, ya se ha recuperado el terreno perdido en el coronavirus\u201d, mientras que en otros \u201cel empleo est\u00e1 por encima del inicio de nuestro Gobierno\u201d.<\/p>\n\n\n\n<p class=\"has-medium-font-size\">\u201cEn nuestro caso, desde el Ministerio de Desarrollo Productivo hemos puesto en marcha m\u00e1s de 150 medidas de pol\u00edtica industrial que permitieron que ese sector, que era uno de los que m\u00e1s ca\u00eda en el gobierno anterior, sea hoy uno de los que est\u00e1 liderando la recuperaci\u00f3n\u201d, destac\u00f3 el funcionario acerca de las medidas tomadas desde su cartera.<\/p>\n\n\n\n<p class=\"has-medium-font-size\">\u201cEsto nadie lo puede atribuir al viento de cola o a algo fortuito. Todo lo contrario, no hemos tenido nada de suerte\u201d, se\u00f1al\u00f3.<\/p>\n\n\n\n<p class=\"has-medium-font-size\">\u201cHay sectores que crecieron mucho y muy bien como el industrial y la construcci\u00f3n; y otros que reci\u00e9n ahora arranca la recuperaci\u00f3n\u201d, evalu\u00f3 respecto de la situaci\u00f3n econ\u00f3mica y agreg\u00f3 que, en consecuencia, \u201cesto hace que en algunos hogares se sienta la recuperaci\u00f3n y, en otros, reci\u00e9n ahora empiece a sentirse\u201d.<\/p>\n\n\n\n<p><\/p>\n\n\n\n<blockquote class=\"wp-block-quote is-layout-flow wp-block-quote-is-layout-flow\"><p>Kulfas remarc\u00f3 que en \u201clas ultimas semanas\u201d se observ\u00f3 \u201cuna recuperaci\u00f3n clara del sector del turismo, la gastronom\u00eda y del comercio minorista\u201d<\/p><\/blockquote>\n\n\n\n<p class=\"has-medium-font-size\">En ese sentido,&nbsp;<strong>Kulfas remarc\u00f3 que en \u201clas ultimas semanas\u201d se observ\u00f3 \u201cuna recuperaci\u00f3n clara del sector del turismo, la gastronom\u00eda y del comercio minorista\u201d, sectores afectados por la pandemia y las reducciones a la movilidad.<\/strong><\/p>\n\n\n\n<p class=\"has-medium-font-size\">Por su parte, respecto del nuevo proyecto de Ley de Promoci\u00f3n de la Movilidad Sustentable, presentado junto con el presidente Alberto Fern\u00e1ndez y otros funcionarios y empresarios en la jornada de ayer, Kulfas afirm\u00f3 que el pa\u00eds \u201ctiene que empezar ya\u201d con un proceso \u201cgradual\u201d de reconversi\u00f3n.<\/p>\n\n\n\n<p class=\"has-medium-font-size\">\u201cSi no, cuando queramos realizar ese cambio en el parque automotor, vamos a necesitar gastar much\u00edsimos d\u00f3lares en importaciones y perder una oportunidad muy buena para innovar, generar much\u00edsimos puestos de trabajo y mejorar el sistema productivo\u201d, remarc\u00f3.<\/p>\n\n\n\n<p class=\"has-medium-font-size\"><strong>La ley, que promueve un incentivo a la fabricaci\u00f3n nacional y a la incorporaci\u00f3n por los \u201cconsumidores y el sistema de transporte p\u00fablico\u201d<\/strong>, prev\u00e9 que a partir de 2041 no se vendan m\u00e1s veh\u00edculos 0 kil\u00f3metro con motor de combusti\u00f3n.<\/p>\n\n\n\n<p class=\"has-medium-font-size\">El r\u00e9gimen de beneficios prev\u00e9, adem\u00e1s de la reconversi\u00f3n, que el pa\u00eds se transforme en una plataforma exportadora de veh\u00edculos el\u00e9ctricos para la regi\u00f3n a trav\u00e9s del desarrollo de toda la cadena de valor, desde la producci\u00f3n del litio y otros minerales indispensables para la producci\u00f3n.\n\n<\/p>\n","protected":false},"excerpt":{"rendered":"<p>El ministro de Desarrollo Productivo, Mat\u00edas Kulfas, adelant\u00f3 este mi\u00e9rcoles que\u00a0\u201cse est\u00e1 evaluando\u201d la modificaci\u00f3n<\/p>\n","protected":false},"author":1,"featured_media":21447,"comment_status":"open","ping_status":"open","sticky":false,"template":"","format":"standard","meta":{"om_disable_all_campaigns":false,"_monsterinsights_skip_tracking":false,"_monsterinsights_sitenote_active":false,"_monsterinsights_sitenote_note":"","_monsterinsights_sitenote_category":0,"_uf_show_specific_survey":0,"_uf_disable_surveys":false,"footnotes":""},"categories":[32,1129,1868],"tags":[],"class_list":["post-21446","post","type-post","status-publish","format-standard","has-post-thumbnail","hentry","category-actualidad","category-en-foco","category-nacionales-2"],"aioseo_notices":[],"_links":{"self":[{"href":"https:\/\/revistabife.com\/index.php\/wp-json\/wp\/v2\/posts\/21446"}],"collection":[{"href":"https:\/\/revistabife.com\/index.php\/wp-json\/wp\/v2\/posts"}],"about":[{"href":"https:\/\/revistabife.com\/index.php\/wp-json\/wp\/v2\/types\/post"}],"author":[{"embeddable":true,"href":"https:\/\/revistabife.com\/index.php\/wp-json\/wp\/v2\/users\/1"}],"replies":[{"embeddable":true,"href":"https:\/\/revistabife.com\/index.php\/wp-json\/wp\/v2\/comments?post=21446"}],"version-history":[{"count":1,"href":"https:\/\/revistabife.com\/index.php\/wp-json\/wp\/v2\/posts\/21446\/revisions"}],"predecessor-version":[{"id":21448,"href":"https:\/\/revistabife.com\/index.php\/wp-json\/wp\/v2\/posts\/21446\/revisions\/21448"}],"wp:featuredmedia":[{"embeddable":true,"href":"https:\/\/revistabife.com\/index.php\/wp-json\/wp\/v2\/media\/21447"}],"wp:attachment":[{"href":"https:\/\/revistabife.com\/index.php\/wp-json\/wp\/v2\/media?parent=21446"}],"wp:term":[{"taxonomy":"category","embeddable":true,"href":"https:\/\/revistabife.com\/index.php\/wp-json\/wp\/v2\/categories?post=21446"},{"taxonomy":"post_tag","embeddable":true,"href":"https:\/\/revistabife.com\/index.php\/wp-json\/wp\/v2\/tags?post=21446"}],"curies":[{"name":"wp","href":"https:\/\/api.w.org\/{rel}","templated":true}]}}