{"id":21443,"date":"2021-10-13T10:03:04","date_gmt":"2021-10-13T13:03:04","guid":{"rendered":"http:\/\/revistabife.com\/?p=21443"},"modified":"2021-10-13T10:03:05","modified_gmt":"2021-10-13T13:03:05","slug":"turismo-en-la-pampa-estiman-que-mas-de-20-mil-personas-se-movilizaron-por-la-provincia-en-el-fin-de-semana-largo","status":"publish","type":"post","link":"https:\/\/revistabife.com\/index.php\/2021\/10\/13\/turismo-en-la-pampa-estiman-que-mas-de-20-mil-personas-se-movilizaron-por-la-provincia-en-el-fin-de-semana-largo\/","title":{"rendered":"Turismo en La Pampa: estiman que m\u00e1s de 20 mil personas se movilizaron por la Provincia en el fin de semana largo"},"content":{"rendered":"\n<p class=\"has-drop-cap has-medium-font-size\">Desde el Observatorio de Turismo se inform\u00f3 respecto a la actividad registrada en el territorio pampeano durante el fin de semana extendido, marcando un intenso movimiento en localidades y sitios con atractivos, actividades y servicios. \u00a0<\/p>\n\n\n\n<p class=\"has-medium-font-size\"><\/p>\n\n\n\n<p class=\"has-medium-font-size\">\u201cDe acuerdo a lo informado por los distintos actores tur\u00edsticos, el balance general ha sido muy bueno con niveles de ocupaci\u00f3n muy satisfactorios, superando en un 10% las cifras de 2019\u201d, se\u00f1al\u00f3 el director del Observatorio Tur\u00edstico, Federico N\u00fa\u00f1ez, a la Agencia Provincial de Noticias.<\/p>\n\n\n\n<p><\/p>\n\n\n\n<p class=\"has-medium-font-size\">En la Reserva Provincial Parque Luro, la ocupaci\u00f3n en las caba\u00f1as y en el restaurante fue del 100 % En cuanto a la cantidad de visitas se vio completa la capacidad con 2000 personas durante el fin de semana.<\/p>\n\n\n\n<p class=\"has-medium-font-size\"><br>En Naic\u00f3, la Secretar\u00eda de Turismo organiz\u00f3 una guiada interpretativa y safari fotogr\u00e1fico que reuni\u00f3 66 visitantes, totalizando unas 400 personas durante todo el fin de semana largo.<\/p>\n\n\n\n<p class=\"has-medium-font-size\"><br>En Eduardo Castex el Parque de la Prehistoria tuvo 1500 visitas. La ocupaci\u00f3n de los alojamientos fue del 80 % en promedio y se destac\u00f3 tambi\u00e9n el fluido tr\u00e1nsito vehicular que se registr\u00f3 en el puesto caminero en la Ruta Nacional N\u00ba 35.<\/p>\n\n\n\n<p class=\"has-medium-font-size\"><br>Bernardo Larroud\u00e9 tuvo su alojamiento ocupado en un 100 %, se recibieron numerosas consultas por el spa y las piletas, agotando los turnos correspondientes y se registr\u00f3 medio centenar de personas disfrutando de las aguas termales.<\/p>\n\n\n\n<p class=\"has-medium-font-size\"><br>El centro de informes de Realic\u00f3 fue consultado sobre lugares a visitar en la Provincia destac\u00e1ndose como punto de entrada. La ocupaci\u00f3n lleg\u00f3 al 75 % en sus alojamientos y el circuito autoguiado de la localidad fue recorrido por varios turistas.<\/p>\n\n\n\n<p class=\"has-medium-font-size\"><br>Arata fue elegida por cerca de 50 personas para visitar su Museo Hist\u00f3rico Municipal, as\u00ed como tambi\u00e9n recibieron consultas sobre qu\u00e9 otros atractivos visitar por la zona.<\/p>\n\n\n\n<p class=\"has-medium-font-size\"><br>La Laguna Ojo de Agua de Uriburu fue visitada por 1225 personas durante el fin de semana extendido. El d\u00eda domingo se realiz\u00f3 el Rally Anual 20\u00ba\u00a0 Aniversario de autos antiguos que cont\u00f3 con la participaci\u00f3n de 70 veh\u00edculos.<\/p>\n\n\n\n<p class=\"has-medium-font-size\"><br>Ataliva Roca recibi\u00f3 la visita de unas 200 personas. Se realiz\u00f3 un encuentro de utilitarios en el camping municipal durante todo el fin de semana lo que le dio un colorido muy especial a la localidad.\u00a0<\/p>\n\n\n\n<p class=\"has-medium-font-size\"><br>Santa Rosa report\u00f3 una ocupaci\u00f3n del 80% promedio en sus alojamientos. Se realizaron m\u00faltiples eventos, nutridos de p\u00fablico, tales como la feria de manualistas y artesanos y la exposici\u00f3n de autos cl\u00e1sicos y antiguos.<br>Puel\u00e9n tuvo su ocupaci\u00f3n en un 30% y cont\u00f3 con un encuentro de f\u00fatbol de mayores y menores que reuni\u00f3 a 200 personas.<\/p>\n\n\n\n<p class=\"has-medium-font-size\"><br>La laguna de Guatrach\u00e9 recibi\u00f3 aproximadamente 1100 personas y su ocupaci\u00f3n estuvo en un 70 %.<\/p>\n\n\n\n<p class=\"has-medium-font-size\"><br>Casa de Piedra recibi\u00f3 alrededor de 100 consultas sobre el alojamiento y actividades para realizar. Se registraron unos 500 veh\u00edculos concretando una recorrida por la Villa, visitando principalmente las playas (lago, r\u00edo), ecobarda, y los senderos interpretativos.<\/p>\n\n\n\n<p class=\"has-medium-font-size\"><br>En General Acha tambi\u00e9n se recibieron consultas sobre hoteler\u00eda y atractivos. La ocupaci\u00f3n de alojamiento fue del 90%. Hubo una feria de artesanos que recibi\u00f3 400 visitas, otras 50 visitaron el Museo Quetre Huitru. A la Reserva Natural Municipal Laguna de Utrac\u00e1n asistieron 620 personas durante los cuatro d\u00edas y 1200 personas fue la convocatoria de la jineteada organizada en la localidad.<\/p>\n\n\n\n<p class=\"has-medium-font-size\"><br>En el oeste provincial, La Humada recibi\u00f3 un grupo de turistas en Cerro Negro y Cerro Agua de Torres, realizando actividades de trekking y turismo aventura.<\/p>\n\n\n\n<p class=\"has-medium-font-size\"><br>Victorica recibi\u00f3 m\u00e1s de 50 consultas en su centro de informes sobre alojamiento, restaurantes, atractivos y compra de productos artesanales. La ocupaci\u00f3n de alojamiento lleg\u00f3 al 85 %.\u00a0 Alrededor de 30 personas visitaron los atractivos locales.<\/p>\n\n\n\n<p class=\"has-medium-font-size\"><br>En Jacinto Arauz se realizaron vuelos de bautismo que convocaron gran n\u00famero de p\u00fablico, as\u00ed como tambi\u00e9n, se realizaron actividades en la plaza principal del que participaron 350 personas. El museo del m\u00e9dico rural Ren\u00e9 Favaloro tuvo 15 visitas con turistas de Santa Rosa, R\u00edo Grande, Carhu\u00e9 y Tres Arroyos.<\/p>\n\n\n\n<p class=\"has-medium-font-size\"><br>En General Pico se realiz\u00f3 el tercer encuentro nacional de Ford F-100 con m\u00e1s de 200 camionetas presentes procedentes de Salta, Tucum\u00e1n, C\u00f3rdoba, Santa Fe, Buenos Aires, Mendoza y Chubut.\u00a0\u00a0\u00a0\u00a0<\/p>\n\n\n\n<p class=\"has-medium-font-size\"><br>La Adela\u00a0 tuvo\u00a0 un 98% de ocupaci\u00f3n. Se realiz\u00f3 una jineteada que convoc\u00f3 1500 personas y un prestador de servicios report\u00f3 una remada en kayac por el r\u00edo de tres d\u00edas con cupos completos de turistas de Santa Rosa.\u00a0\u00a0\u00a0\u00a0\u00a0\u00a0\u00a0\u00a0\u00a0\u00a0\u00a0\u00a0\u00a0\u00a0\u00a0<br>\u00a0En lo relacionado al turismo rural, en general la actividad tuvo un excelente fin de semana. La Estancia La Holanda recibi\u00f3 turistas provenientes de Neuqu\u00e9n, Buenos Aires y La Pampa quienes completaron el porcentaje total de alojamiento. Recibieron a excursionistas por el d\u00eda para realizar paseos y visitar el museo. La estancia Villaverde cont\u00f3 con casi 100 turistas provenientes de General Villegas, 9 de Julio, General Pico y Santa Rosa. Tuvo su alojamiento completo y tambi\u00e9n personas a pasar un d\u00eda de campo.\u00a0<\/p>\n\n\n\n<p class=\"has-medium-font-size\"><br>Las acciones de promoci\u00f3n en mercados de cercan\u00eda como Mar del Plata, el Alto Valle de R\u00edo Negro y Villa Carlos Paz, sumado a la difusi\u00f3n en medios nacionales y locales y el impacto del marketing digital que lleva a cabo la Secretar\u00eda se traduce en mayor inter\u00e9s por la oferta tur\u00edstica pampeana que viene diversificando sus productos, sumando Ruta de las Artesan\u00edas del Oeste Pampeano, astroturismo, turismo del vino y Red de Antiguos Almacenes de Ramos Generales.<\/p>\n\n\n\n<p class=\"has-medium-font-size\"><br>Se estima en 20.000 personas el p\u00fablico movilizado en la Provincia con motivos tur\u00edsticos y recreativos. El turismo es una actividad que contribuye a generar ingresos y empleo para la poblaci\u00f3n local, dinamizando la econom\u00eda y fomentando el intercambio cultural positivo. La Pampa trabaj\u00f3 en los protocolos desde el inicio de la pandemia recibi\u00f3 el sello Safe Travels por alcanzar est\u00e1ndares internacionales.<br><\/p>\n","protected":false},"excerpt":{"rendered":"<p>Desde el Observatorio de Turismo se inform\u00f3 respecto a la actividad registrada en el territorio<\/p>\n","protected":false},"author":1,"featured_media":21444,"comment_status":"open","ping_status":"open","sticky":false,"template":"","format":"standard","meta":{"om_disable_all_campaigns":false,"_monsterinsights_skip_tracking":false,"_monsterinsights_sitenote_active":false,"_monsterinsights_sitenote_note":"","_monsterinsights_sitenote_category":0,"_uf_show_specific_survey":0,"_uf_disable_surveys":false,"footnotes":""},"categories":[32,1129,1913],"tags":[],"class_list":["post-21443","post","type-post","status-publish","format-standard","has-post-thumbnail","hentry","category-actualidad","category-en-foco","category-porvinciales"],"aioseo_notices":[],"_links":{"self":[{"href":"https:\/\/revistabife.com\/index.php\/wp-json\/wp\/v2\/posts\/21443"}],"collection":[{"href":"https:\/\/revistabife.com\/index.php\/wp-json\/wp\/v2\/posts"}],"about":[{"href":"https:\/\/revistabife.com\/index.php\/wp-json\/wp\/v2\/types\/post"}],"author":[{"embeddable":true,"href":"https:\/\/revistabife.com\/index.php\/wp-json\/wp\/v2\/users\/1"}],"replies":[{"embeddable":true,"href":"https:\/\/revistabife.com\/index.php\/wp-json\/wp\/v2\/comments?post=21443"}],"version-history":[{"count":1,"href":"https:\/\/revistabife.com\/index.php\/wp-json\/wp\/v2\/posts\/21443\/revisions"}],"predecessor-version":[{"id":21445,"href":"https:\/\/revistabife.com\/index.php\/wp-json\/wp\/v2\/posts\/21443\/revisions\/21445"}],"wp:featuredmedia":[{"embeddable":true,"href":"https:\/\/revistabife.com\/index.php\/wp-json\/wp\/v2\/media\/21444"}],"wp:attachment":[{"href":"https:\/\/revistabife.com\/index.php\/wp-json\/wp\/v2\/media?parent=21443"}],"wp:term":[{"taxonomy":"category","embeddable":true,"href":"https:\/\/revistabife.com\/index.php\/wp-json\/wp\/v2\/categories?post=21443"},{"taxonomy":"post_tag","embeddable":true,"href":"https:\/\/revistabife.com\/index.php\/wp-json\/wp\/v2\/tags?post=21443"}],"curies":[{"name":"wp","href":"https:\/\/api.w.org\/{rel}","templated":true}]}}