{"id":21440,"date":"2021-10-13T09:13:51","date_gmt":"2021-10-13T12:13:51","guid":{"rendered":"http:\/\/revistabife.com\/?p=21440"},"modified":"2021-10-13T09:13:52","modified_gmt":"2021-10-13T12:13:52","slug":"entre-promesas-y-exigencias-fernandez-almorzo-con-empresarios-en-casa-rosada","status":"publish","type":"post","link":"https:\/\/revistabife.com\/index.php\/2021\/10\/13\/entre-promesas-y-exigencias-fernandez-almorzo-con-empresarios-en-casa-rosada\/","title":{"rendered":"Entre promesas y exigencias, Fern\u00e1ndez almorz\u00f3 con empresarios en Casa Rosada"},"content":{"rendered":"\n<p class=\"has-drop-cap has-medium-font-size\">El presidente Alberto Fern\u00e1ndez almorz\u00f3 hoy en Casa Rosada con un grupo de empresarios con los que busca delinear una serie de acuerdos una vez superadas las elecciones generales de noviembre.&nbsp;<\/p>\n\n\n\n<p class=\"has-medium-font-size\">De parte del gobierno participaron&nbsp;el jefe de Gabinete, Juan Manzur; el ministro del Interior, Eduardo &#8220;Wado&#8221; de Pedro; y el titular de la C\u00e1mara de Diputados, Sergio Massa.<\/p>\n\n\n\n<p class=\"has-medium-font-size\">Entre los representantes del sector privado estuvieron presentes Javier Madanes (Aluar y Fate), Alejandro Sim\u00f3n (Grupo Sancor Seguros), Hugo Eurnekian (Corporaci\u00f3n Am\u00e9rica), Marcelo Mindlin (Pampa Energ\u00eda), Francisco De Narv\u00e1ez (Grupo De Nav\u00e1ez), Jorge Brito (Banco Macro), Juan Mart\u00edn de la Serna (Mercado Libre) y Marcos Bulgheroni (PAE).<\/p>\n\n\n\n<p class=\"has-medium-font-size\">Del lado ejecutivo se comprometieron a &#8220;seguir aumentando las inversiones&#8221; pero tambi\u00e9n hicieron un reclamo para&nbsp;&#8220;sacar la doble indemnizaci\u00f3n y la prohibici\u00f3n de despidos&#8221;.<\/p>\n\n\n\n<p class=\"has-medium-font-size\">De su parte, el gobierno nacional prometi\u00f3 ir &#8220;desandando&#8221; una serie de medidas que durante la pandemia tuvieron por objetivo &#8220;la protecci\u00f3n del trabajo&#8221;.<\/p>\n\n\n\n<p class=\"has-medium-font-size\">Desde Casa Rosada destacaron la opini\u00f3n positiva&nbsp;que los empresarios tienen de los representantes de los trabajadores ya que &#8220;sectorialmente todos ten\u00edan buenos v\u00ednculos&#8221;.<\/p>\n\n\n\n<p class=\"has-medium-font-size\">En el almuerzo se habl\u00f3 del acuerdo con el Fondo Monetario Internacional y la importancia del apoyo de los hombres de negocios, quienes seg\u00fan inform\u00f3 la agencia NAestaban &#8220;preocupados por el silencio de Juntos por el Cambio&#8221; al respecto.<\/p>\n\n\n\n<p class=\"has-medium-font-size\">&#8220;Tenemos la necesidad de contar con el apoyo de los empresarios y la oposici\u00f3n para alcanzar un mejor acuerdo. Se pidi\u00f3 el apoyo a los empresarios para ir con m\u00e1s fuerza a insistir con lo que la Argentina quiere&#8221;, relataron.<\/p>\n","protected":false},"excerpt":{"rendered":"<p>El presidente Alberto Fern\u00e1ndez almorz\u00f3 hoy en Casa Rosada con un grupo de empresarios con<\/p>\n","protected":false},"author":1,"featured_media":21441,"comment_status":"open","ping_status":"open","sticky":false,"template":"","format":"standard","meta":{"om_disable_all_campaigns":false,"_monsterinsights_skip_tracking":false,"_monsterinsights_sitenote_active":false,"_monsterinsights_sitenote_note":"","_monsterinsights_sitenote_category":0,"_uf_show_specific_survey":0,"_uf_disable_surveys":false,"footnotes":""},"categories":[32,1129,1868],"tags":[],"class_list":["post-21440","post","type-post","status-publish","format-standard","has-post-thumbnail","hentry","category-actualidad","category-en-foco","category-nacionales-2"],"aioseo_notices":[],"_links":{"self":[{"href":"https:\/\/revistabife.com\/index.php\/wp-json\/wp\/v2\/posts\/21440"}],"collection":[{"href":"https:\/\/revistabife.com\/index.php\/wp-json\/wp\/v2\/posts"}],"about":[{"href":"https:\/\/revistabife.com\/index.php\/wp-json\/wp\/v2\/types\/post"}],"author":[{"embeddable":true,"href":"https:\/\/revistabife.com\/index.php\/wp-json\/wp\/v2\/users\/1"}],"replies":[{"embeddable":true,"href":"https:\/\/revistabife.com\/index.php\/wp-json\/wp\/v2\/comments?post=21440"}],"version-history":[{"count":1,"href":"https:\/\/revistabife.com\/index.php\/wp-json\/wp\/v2\/posts\/21440\/revisions"}],"predecessor-version":[{"id":21442,"href":"https:\/\/revistabife.com\/index.php\/wp-json\/wp\/v2\/posts\/21440\/revisions\/21442"}],"wp:featuredmedia":[{"embeddable":true,"href":"https:\/\/revistabife.com\/index.php\/wp-json\/wp\/v2\/media\/21441"}],"wp:attachment":[{"href":"https:\/\/revistabife.com\/index.php\/wp-json\/wp\/v2\/media?parent=21440"}],"wp:term":[{"taxonomy":"category","embeddable":true,"href":"https:\/\/revistabife.com\/index.php\/wp-json\/wp\/v2\/categories?post=21440"},{"taxonomy":"post_tag","embeddable":true,"href":"https:\/\/revistabife.com\/index.php\/wp-json\/wp\/v2\/tags?post=21440"}],"curies":[{"name":"wp","href":"https:\/\/api.w.org\/{rel}","templated":true}]}}