{"id":21438,"date":"2021-10-13T09:07:58","date_gmt":"2021-10-13T12:07:58","guid":{"rendered":"http:\/\/revistabife.com\/?p=21438"},"modified":"2021-10-13T09:08:00","modified_gmt":"2021-10-13T12:08:00","slug":"covid-ya-se-aplicaron-mas-de-5600-dosis-en-el-primer-dia-de-vacunacion-a-menores-de-11-anos-en-la-pampa","status":"publish","type":"post","link":"https:\/\/revistabife.com\/index.php\/2021\/10\/13\/covid-ya-se-aplicaron-mas-de-5600-dosis-en-el-primer-dia-de-vacunacion-a-menores-de-11-anos-en-la-pampa\/","title":{"rendered":"Covid: Ya se aplicaron m\u00e1s de 5600 dosis en el primer d\u00eda de vacunaci\u00f3n a menores de 11 a\u00f1os en La Pampa"},"content":{"rendered":"\n<p class=\"has-drop-cap has-medium-font-size\">El Gobierno de La Pampa, comunic\u00f3 que este martes comenz\u00f3 la vacunaci\u00f3n contra la coronavirus a ni\u00f1as y ni\u00f1os de 3 a 11 a\u00f1os.<\/p>\n\n\n\n<p class=\"has-medium-font-size\">Se trata de un paso hist\u00f3rico y clave en t\u00e9rminos epidemiol\u00f3gicos habida cuenta que al alcanzar un elevado n\u00famero de personas inmunizadas en la comunidad, se lograr\u00e1 finalmente ralentizar a\u00fan m\u00e1s los contagios.<ins><\/ins><\/p>\n\n\n\n<p class=\"has-medium-font-size\">En el d\u00eda de hoy se observ\u00f3 la aceptaci\u00f3n de las familias a la vacunaci\u00f3n de los menores entre 3 y 11 a\u00f1os logrando vacunar (seg\u00fan un corte de la informaci\u00f3n realizado a las 19;30, debido a que se sigue vacunado) a 5.676 de los 14.119 ni\u00f1os inscriptos hasta el momento (4054 en el d\u00eda de la fecha).<\/p>\n\n\n\n<p class=\"has-medium-font-size\">Se aclar\u00f3 que paralelamente se vacuna a personas adultas con primeras y segundas dosis y a adolescentes entre 12 a 17 a\u00f1os. Estos \u00faltimos con vacuna Pfizer, ir\u00e1n siendo convocados seg\u00fan disponibilidad de dosis.<\/p>\n\n\n\n<p class=\"has-medium-font-size\">Es importante resaltar que si bien el riesgo de progresi\u00f3n a formas graves y muerte por la COVID-19 en ni\u00f1os sin vacunar es menor, aunque no nulo, que en la poblaci\u00f3n adulta, est\u00e1 poblaci\u00f3n susceptible puede transmitir el virus.<ins><\/ins><\/p>\n\n\n\n<p class=\"has-medium-font-size\">El hecho de no estar vacunados los convierte en personas vulnerables que pueden enfermar y contagiar, por este motivo es que se ampl\u00eda la estrategia para vacunar a esta poblaci\u00f3n.<\/p>\n\n\n\n<p class=\"has-medium-font-size\">La vacuna que se utiliza en los ni\u00f1os es del laboratorio Sinopharm inactivada, que demostr\u00f3 ser segura y eficaz tambi\u00e9n para el uso en poblaci\u00f3n pedi\u00e1trica.<\/p>\n\n\n\n<p class=\"has-medium-font-size\">Coberturas altas de vacunas contra la COVID 19 en la poblaci\u00f3n general favorecen la posibilidad de retornar a las actividades sociales, econ\u00f3micas y educativas.<\/p>\n\n\n\n<p class=\"has-medium-font-size\">Una vez m\u00e1s para acceder a la vacunaci\u00f3n, aquellos que a\u00fan no lo han hecho y los padres o tutores que deseen vacunar a los ni\u00f1os, deben inscribirse en la pagina vacunate.lapampa.gob.ar .<\/p>\n","protected":false},"excerpt":{"rendered":"<p>El Gobierno de La Pampa, comunic\u00f3 que este martes comenz\u00f3 la vacunaci\u00f3n contra la coronavirus<\/p>\n","protected":false},"author":1,"featured_media":21246,"comment_status":"open","ping_status":"open","sticky":false,"template":"","format":"standard","meta":{"om_disable_all_campaigns":false,"_monsterinsights_skip_tracking":false,"_monsterinsights_sitenote_active":false,"_monsterinsights_sitenote_note":"","_monsterinsights_sitenote_category":0,"_uf_show_specific_survey":0,"_uf_disable_surveys":false,"footnotes":""},"categories":[32,1129,1913],"tags":[],"class_list":["post-21438","post","type-post","status-publish","format-standard","has-post-thumbnail","hentry","category-actualidad","category-en-foco","category-porvinciales"],"aioseo_notices":[],"_links":{"self":[{"href":"https:\/\/revistabife.com\/index.php\/wp-json\/wp\/v2\/posts\/21438"}],"collection":[{"href":"https:\/\/revistabife.com\/index.php\/wp-json\/wp\/v2\/posts"}],"about":[{"href":"https:\/\/revistabife.com\/index.php\/wp-json\/wp\/v2\/types\/post"}],"author":[{"embeddable":true,"href":"https:\/\/revistabife.com\/index.php\/wp-json\/wp\/v2\/users\/1"}],"replies":[{"embeddable":true,"href":"https:\/\/revistabife.com\/index.php\/wp-json\/wp\/v2\/comments?post=21438"}],"version-history":[{"count":1,"href":"https:\/\/revistabife.com\/index.php\/wp-json\/wp\/v2\/posts\/21438\/revisions"}],"predecessor-version":[{"id":21439,"href":"https:\/\/revistabife.com\/index.php\/wp-json\/wp\/v2\/posts\/21438\/revisions\/21439"}],"wp:featuredmedia":[{"embeddable":true,"href":"https:\/\/revistabife.com\/index.php\/wp-json\/wp\/v2\/media\/21246"}],"wp:attachment":[{"href":"https:\/\/revistabife.com\/index.php\/wp-json\/wp\/v2\/media?parent=21438"}],"wp:term":[{"taxonomy":"category","embeddable":true,"href":"https:\/\/revistabife.com\/index.php\/wp-json\/wp\/v2\/categories?post=21438"},{"taxonomy":"post_tag","embeddable":true,"href":"https:\/\/revistabife.com\/index.php\/wp-json\/wp\/v2\/tags?post=21438"}],"curies":[{"name":"wp","href":"https:\/\/api.w.org\/{rel}","templated":true}]}}