{"id":20329,"date":"2021-08-10T13:52:57","date_gmt":"2021-08-10T16:52:57","guid":{"rendered":"http:\/\/revistabife.com\/?p=20329"},"modified":"2021-08-10T13:52:58","modified_gmt":"2021-08-10T16:52:58","slug":"caso-nadia-lucero-seis-testigos-y-la-palabra-de-laureano-gonzalez-en-el-quinto-dia-del-juicio","status":"publish","type":"post","link":"https:\/\/revistabife.com\/index.php\/2021\/08\/10\/caso-nadia-lucero-seis-testigos-y-la-palabra-de-laureano-gonzalez-en-el-quinto-dia-del-juicio\/","title":{"rendered":"Caso Nadia Lucero: Seis testigos y la palabra de Laureano Gonz\u00e1lez en el quinto d\u00eda del juicio"},"content":{"rendered":"\n<p class=\"has-drop-cap has-medium-font-size\">Durante el quinto d\u00eda del juicio oral &nbsp;contra Laureano Gonz\u00e1lez, por la tentativa de homicidio triplemente calificado, en perjuicio de su entonces pareja, Nadia Soledad Lucero, se escucharon seis testigos y se oy\u00f3 la palabra final del principal acusado. El debate concluir\u00e1 el jueves con los alegatos finales.<\/p>\n\n\n\n<p class=\"has-medium-font-size\">El juicio, que es organizado por la Oficina Judicial v\u00eda Zoom, est\u00e1 a cargo de la Audiencia de Juicio de Santa Rosa, conformada por los jueces Daniel S\u00e1ez Zamora, Gast\u00f3n Boulenaz y Alejandro Ongaro.<\/p>\n\n\n\n<p class=\"has-medium-font-size\">Adem\u00e1s participan el fiscal Andr\u00e9s Torino, en representaci\u00f3n del Ministerio P\u00fablico Fiscal; y los defensores particulares Jos\u00e9 Ram\u00f3n Rodr\u00edguez y Carlos P\u00e9rez Funes y los defensores oficiales Silvina Blanco G\u00f3mez y Juan Jos\u00e9 Herm\u00faa, en nombre de los cuatro imputados, Gonz\u00e1lez, Franco Luciano Devia, Claudio Ezequiel Reyna y Daiana Manuela Escudero, respectivamente.<\/p>\n\n\n\n<p class=\"has-medium-font-size\">A su vez, Carolina Mu\u00f1oz act\u00faa como patrocinante de Jorge Lucero, quien forma parte del proceso como querellante particular por su hija Nadia.<\/p>\n\n\n\n<p class=\"has-medium-font-size\">\u00bfQu\u00e9 se investiga? De acuerdo a la acusaci\u00f3n fiscal, un intento de femicidio que supuestamente ocurri\u00f3 el domingo 15 de diciembre de 2019. Ese d\u00eda, a la madrugada, Gonz\u00e1lez habr\u00eda golpeado violentamente a Nadia, en la vivienda que compart\u00edan, hasta dejarla inconsciente. En ese estado la habr\u00eda llevado hasta el hospital Lucio Molas a las 23.50, casi un d\u00eda despu\u00e9s, y all\u00ed la abandon\u00f3 para escaparse en su Volkswagen Bora. El martes 17, a la tarde, fue detenido en la casa de Reyna y Escudero, en el barrio Santa Mar\u00eda de La Pampa, en Santa Rosa. Para llegar hasta all\u00ed habr\u00eda sido ayudado por Devia.<\/p>\n\n\n\n<p class=\"has-medium-font-size\">A ra\u00edz de ello, Gonz\u00e1lez est\u00e1 acusado de homicidio triplemente calificado en grado de tentativa, abuso sexual con acceso carnal agravado, abandono de persona y portaci\u00f3n de arma sin autorizaci\u00f3n; todos hechos valorados en el marco de la 26485 de Protecci\u00f3n Integral contra las Mujeres. A su vez, Devia, Reyna y Escudero est\u00e1n imputados del delito de encubrimiento agravado.<\/p>\n\n\n\n<p class=\"has-medium-font-size\"><strong>&#8220;Jetoneadas&#8221; s\u00ed, marcas no.<\/strong><\/p>\n\n\n\n<p class=\"has-medium-font-size\">El primer testimonio fue el de Juan Jos\u00e9 Ledesma, un desocupado que era vecino de Gonz\u00e1lez. Viv\u00eda a media cuadra de d\u00f3nde pas\u00f3 el hecho y sol\u00eda tomar algo y dar vueltas en auto con \u00e9l y Nadia.<\/p>\n\n\n\n<p class=\"has-medium-font-size\">Calific\u00f3 de &#8220;t\u00f3xica&#8221; la relaci\u00f3n entre ambos y afirm\u00f3 que el acusado le dec\u00eda a la v\u00edctima &#8220;jetoneadas, con perd\u00f3n de la palabra&#8221;. Habl\u00f3 de &#8220;discusiones y peleas&#8221; entre la pareja. &#8220;Por ah\u00ed le saltaba una jetoneada por celos&#8230; \u00bfQu\u00e9 hac\u00eda ella? Nada, no hablaba&#8221;, respondi\u00f3.<\/p>\n\n\n\n<p class=\"has-medium-font-size\">El vecino afirm\u00f3 que &#8220;alguna vez le dije (a Gonz\u00e1lez) que no le pegara&#8221; y agreg\u00f3 que &#8220;a Nadia nunca la vi golpeada ni con marcas&#8221;. A ella pudo verla por \u00faltima vez el s\u00e1bado 14 a media tarde, cuando Gonz\u00e1lez la traslad\u00f3 en el Bora a su trabajo. A \u00e9l lo vio luego drogado. \u00bf&#8221;Si era habitual que estuviera drogado? S\u00ed, con coca\u00edna y por ah\u00ed marihuana. Estaba duro&#8221;.<\/p>\n\n\n\n<p class=\"has-medium-font-size\">Ledesma asegur\u00f3 tambi\u00e9n que Nadia no consum\u00eda drogas y que a Gonz\u00e1lez &#8220;no lo vi nunca m\u00e1s, ni quiero verlo. \u00a1Jam\u00e1s me imagin\u00e9 que har\u00eda esta barbaridad!&#8221;.<\/p>\n\n\n\n<p class=\"has-medium-font-size\"><strong>Una madre, tres conocidos y una compa\u00f1era.<\/strong><\/p>\n\n\n\n<p class=\"has-medium-font-size\">Mar\u00eda Esther Herman era compa\u00f1era de trabajo de Lucero. &#8220;Ella me cont\u00f3 que se llevaban bien, que \u00e9l (por Laureano) supuestamente era bueno&#8221;, indic\u00f3. No obstante, ratific\u00f3 \u2013como otros testigos anteriores\u2013 que &#8220;le vi moretones en los brazos&#8221; y que en una ocasi\u00f3n &#8220;lleg\u00f3 con el ojo negro&#8230; Me acuerdo que le pregunt\u00e9, \u00bfa vos no te habr\u00e1n pegado?, y me respondi\u00f3 que se hab\u00eda golpeado&#8221;.<\/p>\n\n\n\n<p class=\"has-medium-font-size\">Tambi\u00e9n confirm\u00f3 que no usaba celular porque &#8220;\u00e9l se lo hab\u00eda sacado&#8221; y que, desde que empez\u00f3 a salir con el imputado, reemplaz\u00f3 una foto suya por una con Gonz\u00e1lez en las redes sociales<\/p>\n\n\n\n<p class=\"has-medium-font-size\">Kevin Jair Colombero, un conocido de Gonz\u00e1lez, y Rodrigo Ezequiel Valdez, un mec\u00e1nico que conoc\u00eda a Reyna y Escudero por cuestiones laborales, contestaron unas pocas preguntas sin brindar datos importantes.<\/p>\n\n\n\n<p class=\"has-medium-font-size\">Olga Chiavidoni, madre de Escudero y suegra de Reyna, afirm\u00f3 que no sab\u00eda que Gonz\u00e1lez hab\u00eda estado en la casa de ellos y que se enter\u00f3 por su hija mayor. Por eso fue hasta all\u00ed y &nbsp;su hija, antes de que un oficial de polic\u00eda la llevara detenida, alcanz\u00f3 a manifestarle: &#8220;yo no hice nada, yo no hice nada&#8221;. &nbsp;&#8220;La vi mal, muy nerviosa&#8221;, describi\u00f3.<\/p>\n\n\n\n<p class=\"has-medium-font-size\">A posteriori, cuando pudo hablar con ella, la mujer detall\u00f3 que la imputada le cont\u00f3 que &#8220;tuvo miedo porque Gonz\u00e1lez los amenazaba permanentemente a ellos y a la nena y, adem\u00e1s, porque ten\u00eda una carabina y tomaba drogas&#8221; mientras se escondi\u00f3 en el domicilio de la calle Ferreyra Norte.<\/p>\n\n\n\n<p class=\"has-medium-font-size\">El \u00faltimo testigo, Cristian Manuel Feraude, es hijo de una expareja de Devia. &#8220;Yo trabajaba con Laureano&#8221;, asever\u00f3 y a\u00f1adi\u00f3 que Gonz\u00e1lez y Devia &#8220;eran amigos, estaban siempre juntos, jugaban a la pelota y com\u00edan asados&#8230;&#8221; Actualmente \u00e9l trabaja con la familia de Devia.<\/p>\n\n\n\n<p class=\"has-medium-font-size\">Finalmente, y antes de que el jueves a las 8 se escuchen los alegatos de las partes, Gonz\u00e1lez pidi\u00f3 la palabra. Habl\u00f3 brevemente: &#8220;Las cosas no fueron como dicen ellos (en alusi\u00f3n a Reyna y Escudero). Yo no los amenac\u00e9 ni fui con un arma a su casa. Tampoco tuve intenciones de agredir a Nadia. Cuando se descompens\u00f3, lo primero que hice fue pedir ayudar y tratar de llevarla a un m\u00e9dico&#8221;.\u200b<\/p>\n","protected":false},"excerpt":{"rendered":"<p>Durante el quinto d\u00eda del juicio oral &nbsp;contra Laureano Gonz\u00e1lez, por la tentativa de homicidio<\/p>\n","protected":false},"author":1,"featured_media":20330,"comment_status":"open","ping_status":"open","sticky":false,"template":"","format":"standard","meta":{"om_disable_all_campaigns":false,"_monsterinsights_skip_tracking":false,"_monsterinsights_sitenote_active":false,"_monsterinsights_sitenote_note":"","_monsterinsights_sitenote_category":0,"_uf_show_specific_survey":0,"_uf_disable_surveys":false,"footnotes":""},"categories":[32,1129,1913],"tags":[],"class_list":["post-20329","post","type-post","status-publish","format-standard","has-post-thumbnail","hentry","category-actualidad","category-en-foco","category-porvinciales"],"aioseo_notices":[],"_links":{"self":[{"href":"https:\/\/revistabife.com\/index.php\/wp-json\/wp\/v2\/posts\/20329"}],"collection":[{"href":"https:\/\/revistabife.com\/index.php\/wp-json\/wp\/v2\/posts"}],"about":[{"href":"https:\/\/revistabife.com\/index.php\/wp-json\/wp\/v2\/types\/post"}],"author":[{"embeddable":true,"href":"https:\/\/revistabife.com\/index.php\/wp-json\/wp\/v2\/users\/1"}],"replies":[{"embeddable":true,"href":"https:\/\/revistabife.com\/index.php\/wp-json\/wp\/v2\/comments?post=20329"}],"version-history":[{"count":1,"href":"https:\/\/revistabife.com\/index.php\/wp-json\/wp\/v2\/posts\/20329\/revisions"}],"predecessor-version":[{"id":20331,"href":"https:\/\/revistabife.com\/index.php\/wp-json\/wp\/v2\/posts\/20329\/revisions\/20331"}],"wp:featuredmedia":[{"embeddable":true,"href":"https:\/\/revistabife.com\/index.php\/wp-json\/wp\/v2\/media\/20330"}],"wp:attachment":[{"href":"https:\/\/revistabife.com\/index.php\/wp-json\/wp\/v2\/media?parent=20329"}],"wp:term":[{"taxonomy":"category","embeddable":true,"href":"https:\/\/revistabife.com\/index.php\/wp-json\/wp\/v2\/categories?post=20329"},{"taxonomy":"post_tag","embeddable":true,"href":"https:\/\/revistabife.com\/index.php\/wp-json\/wp\/v2\/tags?post=20329"}],"curies":[{"name":"wp","href":"https:\/\/api.w.org\/{rel}","templated":true}]}}