{"id":19868,"date":"2021-07-23T19:39:56","date_gmt":"2021-07-23T22:39:56","guid":{"rendered":"http:\/\/revistabife.com\/?p=19868"},"modified":"2021-07-23T19:40:02","modified_gmt":"2021-07-23T22:40:02","slug":"acueducto-y-conectividad-provincia-inauguro-obras-en-puelches-por-60-millones-hoy-podemos-decir-que-este-verano-va-a-ser-distinto-dijo-ziliotto","status":"publish","type":"post","link":"https:\/\/revistabife.com\/index.php\/2021\/07\/23\/acueducto-y-conectividad-provincia-inauguro-obras-en-puelches-por-60-millones-hoy-podemos-decir-que-este-verano-va-a-ser-distinto-dijo-ziliotto\/","title":{"rendered":"Acueducto y conectividad: Provincia inaugur\u00f3 obras en Puelches por $ 60 millones; &#8220;Hoy podemos decir que este verano va a ser distinto&#8221;, dijo Ziliotto"},"content":{"rendered":"\n<p class=\"has-drop-cap has-medium-font-size\">El gobernador Sergio Ziliotto particip\u00f3 esta ma\u00f1ana de la inauguraci\u00f3n de la tercera etapa del Acueducto \u201cCasa de Piedra &#8211; Puelches\u201d y del enlace que conecta esta \u00faltima localidad con la red provincial de fibra \u00f3ptica y radioenlaces de Aguas del Colorado\/Empatel.<\/p>\n\n\n\n<p class=\"has-medium-font-size\">La inversi\u00f3n total de ambas obras supera los 60 millones de pesos.\u00a0\u201cHoy, con orgullo, podemos decir que este verano va a ser distinto. Creo que esa es la principal satisfacci\u00f3n de un gobernante: dar soluciones donde la gente tiene un derecho\u201d asever\u00f3 el Gobernador, que anunci\u00f3 asfalto para la localidad a comienzos de 2022.\u00a0<\/p>\n\n\n\n<p class=\"has-medium-font-size\">El mandatario pampeano fue recibido por el intendente Julio Gerez, quien asegur\u00f3 que \u201ces un d\u00eda muy importante para nuestro pueblo. Estar inaugurando esta obra de internet y el acueducto, que duplicar\u00e1 la llegada de agua a Puelches, son decisiones pol\u00edticas concretas, que agradezco enormemente\u201d.<\/p>\n\n\n\n<p class=\"has-medium-font-size\">El Gobernador estuvo acompa\u00f1ado por el ministro de Gobierno, Justicia y Derechos Humanos, Daniel Bensus\u00e1n \u00a0y el presidente del directorio de Aguas del Colorado, Juan Carlos Virgilio Mecca. V\u00eda Zoom particip\u00f3 del encuentro el ministro de Conectividad y Modernizaci\u00f3n, Antonio Curciarello.<\/p>\n\n\n\n<p class=\"has-medium-font-size\"><br><strong>Servicios de calidad en toda la provincia<\/strong><br>El ministro de Conectividad y Modernizaci\u00f3n, Antonio Curciarello\u00a0 expres\u00f3 su satisfacci\u00f3n por \u201cestar cumpliendo con una promesa de campa\u00f1a que hicimos junto al Gobernador\u201d, y relat\u00f3 que \u201cno bien asum\u00ed en el Ministerio esta obra fue una de las primeras que me encomend\u00f3\u201d.<br>Se manifest\u00f3 \u201cmuy contento y orgulloso de que tengamos la oportunidad de contar con servicios de calidad en toda la Provincia, que lo disfruten\u201d, les dijo a los lugare\u00f1os.<br><br><strong>Acceso a la tecnolog\u00eda e integraci\u00f3n<\/strong><br>\u201cEs una enorme alegr\u00eda estar aqu\u00ed, porque era una necesidad imperiosa que Puelches se integrara -asever\u00f3 Sergio Ziliotto-, no s\u00f3lo a las redes de comunicaci\u00f3n de La Pampa, sino tambi\u00e9n que tuviera acceso a las nuevas tecnolog\u00edas para integrarse al mundo. Como siempre decimos las pampeanas y los pampeanos tienen que tener el mismo nivel de calidad de vida, el mismo acceso a la tecnolog\u00eda y la misma igualdad de oportunidades, vivan donde vivan\u201d.<br>En cuanto a la obra, afirm\u00f3 que \u201cnos llena de orgullo, por la conectividad, la posibilidad de prevenir incendios, de dar calidad de servicios tanto a la localidad como a la oferta tur\u00edstica del Parque Lihu\u00e9 Calel\u201d.<br>\u201cEn cuanto al acueducto es primordial asegurar el agua potable en cada una de las localidades; hoy, con orgullo, podemos decir que este verano va a ser distinto. Creo que esa es la principal satisfacci\u00f3n de un gobernante: dar soluciones donde la gente tiene un derecho\u201d, sostuvo.<br><br><strong>Eficiencia y celeridad<\/strong><br>El jefe comunal agradeci\u00f3 la eficiencia y celeridad del Gobierno provincial y destac\u00f3 que \u201ctanto con internet, porque se consideraba a nuestra localidad el agujero negro de La Pampa, donde no llegaba la se\u00f1al; como por el acueducto, que al hacerse por administraci\u00f3n tuvo un costo considerablemente menor. Estas son decisiones pol\u00edticas que quiero agradecer especialmente al Gobernador porque benefician y mejoran la calidad de vida de la gente de mi pueblo\u201d.<br>El intendente Gerez aprovech\u00f3 tambi\u00e9n para ratificar que \u201cpara esta gesti\u00f3n no hay pueblos chicos ni pueblos grandes, sino que hay un compromiso con cada una de las localidades y eso es muy bueno, se\u00f1or Gobernador\u201d.<br>En otro tramo de su alocuci\u00f3n, Gerez reconoci\u00f3\u00a0 \u201cla inquietud por esa pelea que s\u00e9 que est\u00e1 dando por la Ruta Nacional N\u00ba 152, que mejorar\u00e1 el tr\u00e1nsito y todos los comercios que de ella dependen\u201d, para enumerar luego otras obras en ejecuci\u00f3n, como \u201cel Centro Cumel\u00e9n que es muy merecida por las personas de la tercera edad, las 14 cuadras de cord\u00f3n cuneta que le cambiar\u00e1n la fisonom\u00eda a Puelches y las 8 viviendas del Plan Mi Casa\u201d.<br><br><strong>\u00a0Ruta Nacional N\u00ba 152 y asfalto<\/strong><br>En relaci\u00f3n a la Ruta Nacional N\u00ba 152, el gobernador Ziliotto detall\u00f3 que lleva \u201cmuch\u00edsimo tiempo en mal estado, y se trata de una ruta que garantiza transitabilidad, genera actividad econ\u00f3mica y es acceso tur\u00edstico, por eso estamos trabajando codo a codo con Vialidad Nacional, que est\u00e1 tratando de que no se caiga la licitaci\u00f3n de a\u00f1os atr\u00e1s\u201d.<br>Ziliotto tambi\u00e9n anunci\u00f3 que desde el mes de enero \u201cestaremos haciendo asfalto en la localidad de Puelches. Es una necesidad, y para un gobierno peronista, donde hay una necesidad, hay un derecho de toda la sociedad. Y para nosotros es una obligaci\u00f3n\u201d.<br>Antes de concluir su alocuci\u00f3n subray\u00f3, \u201csigan contando con el gobierno de la provincia de La Pampa, porque a lo que dec\u00eda Carlos Verna \u2018no hay pueblos grandes, ni pueblos chicos\u2019, con la conectividad yo quiero agregar que para nosotros no hay pueblos lejos ni pueblos cerca, estamos todos unidos para generar una Provincia cada d\u00eda mejor\u201d.<br><br><strong>El enlace<\/strong><br>Con una inversi\u00f3n de m\u00e1s de 30 millones de pesos, se brinda conectividad de alta calidad a Puelches y al Parque Nacional Lihuel Calel.<br>La red, que tiene m\u00e1s de 3.000 km. en todo el territorio provincial entre despliegues de fibra \u00f3ptica y radioenlaces, agrega este enlace de 110 km. de longitud, que tiene prevista la entrega de 350 megabytes en Puelches, pero est\u00e1 preparada para llegar hasta 500 megabytes si la demanda lo requiriera. En cada punto del enlace, adem\u00e1s, est\u00e1 preparada la prestaci\u00f3n de internet rural, siempre a trav\u00e9s de prestadores que se dedican a realizar la \u00faltima milla.<br>Para realizar la obra fue necesario importar tecnolog\u00eda desde Brasil y Holanda, y transportar a la cima de las sierras 11 mil kilos de materiales en un helic\u00f3ptero, adem\u00e1s de reacondicionar el nodo de El Carancho y hacer desde cero el punto medio en el Parque Nacional Lihuel Calel, lo que sirvi\u00f3 para dar servicio al Parque y el nodo final en Puelches.<br>Se establecieron tres puntos de conexi\u00f3n a internet de 30 Mbps. con sus respectivos routers. En el Parque Nacional Lihuel Calel se instal\u00f3 una c\u00e1mara IP tipo DOMO de altas prestaciones, un DVR de grabaci\u00f3n y un monitor de 32 pulgadas, para el control de incendios en la zona. Este equipo est\u00e1 montado en la cima de una de las sierras, tiene vista de 360 grados y es apto para visualizaci\u00f3n nocturna.<br><br><strong>El acueducto<\/strong><br>En cuanto las caracter\u00edsticas t\u00e9cnicas de la tercera etapa del Acueducto \u201cCasa de Piedra &#8211; Puelches\u201d, se construy\u00f3 un acueducto complementario de 20.370 metros de longitud con ca\u00f1os de PVC de 110 mm. de di\u00e1metro, que permitir\u00e1n duplicar el caudal original, alcanzando una producci\u00f3n de 20m3\/h, para cubrir la demanda de agua durante el verano. <\/p>\n","protected":false},"excerpt":{"rendered":"<p>El gobernador Sergio Ziliotto particip\u00f3 esta ma\u00f1ana de la inauguraci\u00f3n de la tercera etapa del<\/p>\n","protected":false},"author":1,"featured_media":19869,"comment_status":"open","ping_status":"open","sticky":false,"template":"","format":"standard","meta":{"om_disable_all_campaigns":false,"_monsterinsights_skip_tracking":false,"_monsterinsights_sitenote_active":false,"_monsterinsights_sitenote_note":"","_monsterinsights_sitenote_category":0,"_uf_show_specific_survey":0,"_uf_disable_surveys":false,"footnotes":""},"categories":[32,1129,1913],"tags":[],"class_list":["post-19868","post","type-post","status-publish","format-standard","has-post-thumbnail","hentry","category-actualidad","category-en-foco","category-porvinciales"],"aioseo_notices":[],"_links":{"self":[{"href":"https:\/\/revistabife.com\/index.php\/wp-json\/wp\/v2\/posts\/19868"}],"collection":[{"href":"https:\/\/revistabife.com\/index.php\/wp-json\/wp\/v2\/posts"}],"about":[{"href":"https:\/\/revistabife.com\/index.php\/wp-json\/wp\/v2\/types\/post"}],"author":[{"embeddable":true,"href":"https:\/\/revistabife.com\/index.php\/wp-json\/wp\/v2\/users\/1"}],"replies":[{"embeddable":true,"href":"https:\/\/revistabife.com\/index.php\/wp-json\/wp\/v2\/comments?post=19868"}],"version-history":[{"count":1,"href":"https:\/\/revistabife.com\/index.php\/wp-json\/wp\/v2\/posts\/19868\/revisions"}],"predecessor-version":[{"id":19870,"href":"https:\/\/revistabife.com\/index.php\/wp-json\/wp\/v2\/posts\/19868\/revisions\/19870"}],"wp:featuredmedia":[{"embeddable":true,"href":"https:\/\/revistabife.com\/index.php\/wp-json\/wp\/v2\/media\/19869"}],"wp:attachment":[{"href":"https:\/\/revistabife.com\/index.php\/wp-json\/wp\/v2\/media?parent=19868"}],"wp:term":[{"taxonomy":"category","embeddable":true,"href":"https:\/\/revistabife.com\/index.php\/wp-json\/wp\/v2\/categories?post=19868"},{"taxonomy":"post_tag","embeddable":true,"href":"https:\/\/revistabife.com\/index.php\/wp-json\/wp\/v2\/tags?post=19868"}],"curies":[{"name":"wp","href":"https:\/\/api.w.org\/{rel}","templated":true}]}}