{"id":19160,"date":"2021-07-04T10:19:47","date_gmt":"2021-07-04T13:19:47","guid":{"rendered":"http:\/\/revistabife.com\/?p=19160"},"modified":"2021-07-04T10:19:48","modified_gmt":"2021-07-04T13:19:48","slug":"se-registraron-3-nuevas-muertes-y-258-casos-de-covid-este-sabado","status":"publish","type":"post","link":"https:\/\/revistabife.com\/index.php\/2021\/07\/04\/se-registraron-3-nuevas-muertes-y-258-casos-de-covid-este-sabado\/","title":{"rendered":"Se registraron 3 nuevas muertes y 258 casos de covid este s\u00e1bado"},"content":{"rendered":"\n<p class=\"has-drop-cap has-medium-font-size\"> El Gobierno de la provincia de La Pampa, a trav\u00e9s del Ministerio de Salud, comunic\u00f3 que en horas de la tarde del d\u00eda 3 de julio concluy\u00f3 el procesamiento de 1.177 muestras en los laboratorios de la Direcci\u00f3n de Epidemiolog\u00eda y del Establecimiento Asistencial Gobernador Centeno y Lucio Molas, como as\u00ed tambi\u00e9n en los diferentes Centros de Salud que analizan test de ant\u00edgenos, de las cuales 258 resultaron positivas para COVID-19. <\/p>\n\n\n\n<p class=\"has-medium-font-size\"> De ellas, 84 corresponden a residentes en\u00a0Santa Rosa, 50 en General Pico, 14 en General Acha, 13 en Ingeniero Luiggi, 11 en Colonia Bar\u00f3n, 9 en Intendente Alvear, 7 en 25 de Mayo, 7 en Catril\u00f3, 7 en Macach\u00edn, 7 en Metileo, 6 en Toay, 6 en Trenel, 4 en Parera, 4 en Realic\u00f3, 4 en Guatrach\u00e9, 3 en Eduardo Castex, 3 en Tel\u00e9n, 2 en Bernardo Larroud\u00e9, 2 en Rancul, 2 en Anguil, 2 en La Humada, 2 en Arata, 2 en Bernasconi, 1 en Victorica, 1 en Santa Isabel, 1 en Jacinto Arauz, 1 en Ataliva Roca, 1 en Winifreda, 1 en Relmo, 1 en Rucanelo.<br>De los 258 casos confirmados en la tarde de hoy, 74 se encontraban aislados por ser considerados contactos estrechos. Debido a la rapidez del diagn\u00f3stico por ant\u00edgenos, a\u00fan se contin\u00faa desarrollando la investigaci\u00f3n epidemiol\u00f3gica de 184 casos.<br>De 1.177 muestras analizadas en toda la Provincia 914 fueron por test r\u00e1pidos y 263\u00a0 por PCR. <\/p>\n\n\n\n<p class=\"has-medium-font-size\"><strong>Fallecidos<\/strong><br>Hasta el momento del cierre del parte diario se informaron 3 fallecimientos<br>\u00a0&#8211; Persona residente en General Acha, sexo masculino, 49 a\u00f1os.<br>\u00a0&#8211; Persona residente en Bernardo Larroud\u00e9, sexo masculino, 80 a\u00f1os.<br>\u00a0&#8211; Persona residente en Miguel Riglos, sexo masculino, 78 a\u00f1os. <\/p>\n\n\n\n<p class=\"has-medium-font-size\"><strong>Situaci\u00f3n provincial&nbsp;<\/strong><br>Desde el inicio de la pandemia, en la Provincia, se registraron un total de 53.930 casos positivos para COVID-19, de los cuales 2.947 permanecen activos, 723 han fallecido y 50.260 se han recuperado, 235 en el d\u00eda de hoy.<br>Los casos confirmados activos pertenecen&nbsp; a las siguientes localidades: 993 en Santa Rosa, 525 en General Pico, 189 en Toay, 105 en General Acha, 103 en Eduardo Castex, 72 en Colonia Bar\u00f3n, 69 en Victorica, 66 en 25 de Mayo, 65 en Catril\u00f3, 53 en Trenel, 48 en Macach\u00edn, 45 en Ingeniero Luiggi, 42 en Intendente Alvear, 42 en Quem\u00fa Quem\u00fa, 38 en Lonquimay, 37 en Santa Isabel, 36 en Tel\u00e9n, 35 en Parera, 35 en Realic\u00f3, 34 en Luan Toro, 30 en Jacinto Arauz, 25 en Miguel Riglos, 25 en La Adela, 18 en Ataliva Roca, 16 en Bernardo Larroud\u00e9, 15 en Rancul, 13 en Guatrach\u00e9, 13 en La Maruja, 12 en Embajador Martini, 12 en Speluzzi, 12 en Conhello, 11 en Anguil, 9 en Metileo, 9 en Alpachiri, 8 en La Humada, 8 en Caleuf\u00fa, 7 en Winifreda, 7 en General San Martin, 6 en Arata, 6 en Bernasconi, 5 en Dorila, 5 en General Manuel J. Campos, 4 en Mauricio Mayer, 4 en Doblas, 4 en Cereales, 3 en Uriburu, 3 en Chacharramendi, 3 en Tom\u00e1s M. de Anchorena, 3 en Relmo, 2 en Monte Nievas, 2 en Abramo, 2 en Limay Mahuida, 2 en V\u00e9rtiz, 2 en La Reforma, 2 en Miguel Can\u00e9, 2 en Coronel Hilario Lagos, 1 en Puelches, 1 en Pichi Huinca, 1 en Gobernador Duval , 1 en Villa Mirasol, 1 en Rucanelo.<br>Al d\u00eda de la fecha se encuentran aisladas un total de 6.617 personas en toda la Provincia.\n\n<\/p>\n","protected":false},"excerpt":{"rendered":"<p>El Gobierno de la provincia de La Pampa, a trav\u00e9s del Ministerio de Salud, comunic\u00f3<\/p>\n","protected":false},"author":1,"featured_media":18610,"comment_status":"open","ping_status":"open","sticky":false,"template":"","format":"standard","meta":{"om_disable_all_campaigns":false,"_monsterinsights_skip_tracking":false,"_monsterinsights_sitenote_active":false,"_monsterinsights_sitenote_note":"","_monsterinsights_sitenote_category":0,"_uf_show_specific_survey":0,"_uf_disable_surveys":false,"footnotes":""},"categories":[32,1129,1913],"tags":[],"class_list":["post-19160","post","type-post","status-publish","format-standard","has-post-thumbnail","hentry","category-actualidad","category-en-foco","category-porvinciales"],"aioseo_notices":[],"_links":{"self":[{"href":"https:\/\/revistabife.com\/index.php\/wp-json\/wp\/v2\/posts\/19160"}],"collection":[{"href":"https:\/\/revistabife.com\/index.php\/wp-json\/wp\/v2\/posts"}],"about":[{"href":"https:\/\/revistabife.com\/index.php\/wp-json\/wp\/v2\/types\/post"}],"author":[{"embeddable":true,"href":"https:\/\/revistabife.com\/index.php\/wp-json\/wp\/v2\/users\/1"}],"replies":[{"embeddable":true,"href":"https:\/\/revistabife.com\/index.php\/wp-json\/wp\/v2\/comments?post=19160"}],"version-history":[{"count":1,"href":"https:\/\/revistabife.com\/index.php\/wp-json\/wp\/v2\/posts\/19160\/revisions"}],"predecessor-version":[{"id":19161,"href":"https:\/\/revistabife.com\/index.php\/wp-json\/wp\/v2\/posts\/19160\/revisions\/19161"}],"wp:featuredmedia":[{"embeddable":true,"href":"https:\/\/revistabife.com\/index.php\/wp-json\/wp\/v2\/media\/18610"}],"wp:attachment":[{"href":"https:\/\/revistabife.com\/index.php\/wp-json\/wp\/v2\/media?parent=19160"}],"wp:term":[{"taxonomy":"category","embeddable":true,"href":"https:\/\/revistabife.com\/index.php\/wp-json\/wp\/v2\/categories?post=19160"},{"taxonomy":"post_tag","embeddable":true,"href":"https:\/\/revistabife.com\/index.php\/wp-json\/wp\/v2\/tags?post=19160"}],"curies":[{"name":"wp","href":"https:\/\/api.w.org\/{rel}","templated":true}]}}