{"id":19057,"date":"2021-06-29T21:41:03","date_gmt":"2021-06-30T00:41:03","guid":{"rendered":"http:\/\/revistabife.com\/?p=19057"},"modified":"2021-06-29T21:41:05","modified_gmt":"2021-06-30T00:41:05","slug":"261-nuevos-contagios-y-dos-muertes-por-covid-una-mujer-de-41-anos-y-un-hombre-de-54","status":"publish","type":"post","link":"https:\/\/revistabife.com\/index.php\/2021\/06\/29\/261-nuevos-contagios-y-dos-muertes-por-covid-una-mujer-de-41-anos-y-un-hombre-de-54\/","title":{"rendered":"261 nuevos contagios y dos muertes por covid: Una mujer de 41 a\u00f1os y un hombre de 54"},"content":{"rendered":"\n<p class=\"has-drop-cap has-medium-font-size\">Salud concluy\u00f3 el procesamiento de 1.255 muestras en los laboratorios de la Direcci\u00f3n de Epidemiolog\u00eda y del Establecimiento Asistencial Gobernador Centeno y Lucio Molas, como as\u00ed tambi\u00e9n en los diferentes Centros de Salud que analizan test de ant\u00edgenos, <strong>de las cuales 261 resultaron positivas para COVID-19.<\/strong> Hubo 2 muertes.<\/p>\n\n\n\n<p class=\"has-medium-font-size\"><strong>Fallecidos<\/strong><br>Hasta el momento del cierre del parte diario se informaron 2 fallecimientos<br>&#8211; Persona residente en Toay, sexo femenino, 41 a\u00f1os.<br>&#8211; Persona residente en Eduardo Castex, sexo masculino, 54 a\u00f1os.<br><\/p>\n\n\n\n<p class=\"has-medium-font-size\">De los nuevos contagios, 108 corresponden a residentes en Santa Rosa, 50 en General Pico, 10 en Ingeniero Luiggi, 8 en Toay, 8 en Victorica, 8 en General Acha, 7 en Eduardo Castex, 6 en Macach\u00edn, 5 en Realic\u00f3, 5 en Parera, 5 en Trenel, 5 en Santa Isabel, 5 en Miguel Riglos, 5 en Alpachiri, 4 en Catril\u00f3, 4 en 25 de Mayo, 4 en Colonia Bar\u00f3n, 2 en Lonquimay, 2 en Guatrach\u00e9, 2 en Rancul, 1 en Intendente Alvear, 1 en Jacinto Arauz, 1 en Ataliva Roca, 1 en General Manuel J. Campos, 1 en Dorila, 1 en General San Martin, 1 en Doblas, 1 en Villa Mirasol.<\/p>\n\n\n\n<p class=\"has-medium-font-size\"><br>De los 261\u00a0 casos confirmados en la tarde de hoy, 73 se encontraban aislados por ser considerados contactos estrechos. Debido a la rapidez del diagn\u00f3stico por ant\u00edgenos, a\u00fan se contin\u00faa desarrollando la investigaci\u00f3n epidemiol\u00f3gica de 188 casos<br>De 1.255 muestras analizadas en toda la Provincia 987 fueron por test r\u00e1pidos y 268\u00a0 por PCR<\/p>\n\n\n\n<p class=\"has-medium-font-size\"><strong>Aclaraci\u00f3n sobre la carga de casos:<\/strong><br>Existe una diferencia de casos confirmados entre el Reporte Provincial y el Nacional ya que se asisten y notifican pacientes que viven en otras provincias&nbsp; que tienen domicilio legal (el que figura en el DNI) en la provincia de La Pampa.<br><strong>&nbsp;<br>B\u00fasqueda activa&nbsp;<\/strong><br>La estrategia de b\u00fasqueda activa con diagn\u00f3stico por ant\u00edgenos lleva entrevistados 111.284&nbsp; ciudadanos.<\/p>\n\n\n\n<p class=\"has-medium-font-size\"><strong>Test r\u00e1pidos<\/strong><br>Santa Rosa 373-101<br>General Pico&nbsp; 170-37<br>Villa Mirasol 4\/1<br>Toay 61\/7<br>Doblas 1\/1<br>Uriburu 21\/0<br>Parera 14\/5<br>Ataliva Roca 3\/1<br>Rancul 13\/2<br>Jacinto Arauz 4\/0<br>Miguel Riglos 5\/5<br>Bernardo Larroud\u00e9 3\/0<br>Bernasconi 1\/0<br>Colonia Bar\u00f3n 7\/3<br>Lonquimay 18\/2<br>Winifreda 5\/0<br>Trenel 9\/5<br>Macachin 11\/5<br>Intendente Alvear 31\/1<br>Alpachiri 7\/4<br>Dorila 1\/1<br>Victorica 20\/8<br>Ingeniero Luiggi 17\/10<br>General San Martin 3\/1<br>Catril\u00f3 38\/4<br>Embajador Martini 4\/0<br>Realic\u00f3 26\/5<br>Alta Italia 1\/0<br>Santa Isabel 13\/5<br>25 de Mayo 24\/4<br>General Acha 48\/8<br>Guatrach\u00e9 6\/1<br>General Manuel J. Campos 3\/1<br>Eduardo Castex 22\/7<\/p>\n\n\n\n<p><strong>Nuevos puestos de detecci\u00f3n COVID en Santa Rosa<\/strong><br>Total de test: 130 hisopados<br>Positivos: 36 hisopados<br>Negativos: 94 hisopados<\/p>\n\n\n\n<p class=\"has-medium-font-size\"><strong>M\u00f3vil 1 &#8211; Domicilios<\/strong><br>2 hisopados<br>1 negativo<br>1 positivo<\/p>\n\n\n\n<p class=\"has-medium-font-size\"><strong>Puesto Ciudad Judicial<\/strong><br>34 hisopados&nbsp;<br>9 positivos&nbsp;<br>25 negativos<\/p>\n\n\n\n<p><strong>Puesto Terminal de \u00d3mnibus<\/strong><br>94 hisopados<br>26&nbsp; positivos<br>68 negativos<\/p>\n\n\n\n<p class=\"has-medium-font-size\"><strong>Situaci\u00f3n provincial&nbsp;<\/strong><br>Desde el inicio de la pandemia, en la Provincia, se registraron un total de 52.828 casos positivos para COVID-19, de los cuales 2.802&nbsp; permanecen activos, 716 han fallecido y 49.310&nbsp; se han recuperado, 221 en el d\u00eda de hoy.<br>Los casos confirmados activos pertenecen a las siguientes localidades:&nbsp;<br>927 en Santa Rosa, 506 en General Pico, 168 en Toay, 116 en Eduardo Castex, 88 en Victorica, 87 en General Acha, 75 en Catril\u00f3, 64 en 25 de Mayo, 50 en Macach\u00edn, 44 en Realic\u00f3, 44 en Colonia Bar\u00f3n, 41 en Parera, 39 en Trenel, 38 en Lonquimay, 37 en Tel\u00e9n, 34 en Santa Isabel, 33 en Miguel Riglos, 32 en Intendente Alvear, 30 en La Adela, 28 en Ingeniero Luiggi, 28 en Jacinto Arauz, 23 en Quem\u00fa Quem\u00fa, 20 en Guatrach\u00e9, 18 en Bernardo Larroud\u00e9, 17 en Ataliva Roca, 16 en Luan Toro, 15 en Alpachiri, 15 en Anguil, 14 en General Manuel J. Campos, 12 en Conhello, 12 en Mauricio Mayer, 11 en Rancul, 11 en Speluzzi, 10 en Arata, 9 en Winifreda, 7 en Embajador Martini, 7 en Limay Mahuida, 6 en Dorila, 6 en La Maruja, 6 en Quetrequ\u00e9n, 5 en General San Martin, 5 en Abramo, 4 en Bernasconi, 4 en Caleuf\u00fa, 4 en La Humada, 4 en Cereales, 4 en Puel\u00e9n, 3 en Doblas, 3 en Uriburu, 3 en Tom\u00e1s M. de Anchorena, 3 en Puelches, 3 en Coronel Hilario Lagos, 2 en La Reforma, 2 en Colonia Santa Teresa, 2 en Miguel Can\u00e9, 2 en Monte Nievas, 1 en Alta Italia, 1 en Villa Mirasol,&nbsp; 1 en V\u00e9rtiz, 1 en Chacharramendi, 1 en Gobernador Duval.<br>Al d\u00eda de la fecha se encuentran aisladas un total de 6.297 personas en toda la Provincia.<\/p>\n\n\n\n<p class=\"has-medium-font-size\"><strong>Personas internadas&nbsp;<\/strong><br>Se encuentran internadas 146 personas confirmadas para COVID-19. En General Pico 18 personas internadas, de ellas 8 en modulares y 10 en terapia intensiva. En (CEAR-Modulares) de Santa Rosa se encuentran internadas 37 personas, de ellas 16 en UTI CEAR, 12&nbsp; en cl\u00ednica m\u00e9dica y 9 modular. En cl\u00ednica m\u00e9dica del subsector privado 8 pacientes. En UTI 1 se encuentran 6 pacientes internados. En UTI 2 se encuentran internados 6 pacientes. En&nbsp; UTI 3, 9 pacientes internados. En UTI del subsector privado 6 pacientes. En el Hospital Evita 10 internados en cl\u00ednica m\u00e9dica. Y en el interior de la Pprovincia se encuentran internados en cl\u00ednica m\u00e9dica:&nbsp;<br>Hospital de General Acha: 2 internados<br>Hospital de 25 de Mayo: 1 internado<br>Hospital de Doblas: 1 internado<br>Hospital de Eduardo Castex: 4 internados<br>Hospital de Bernasconi: 1 internado<br>Hospital de Santa Isabel: 1 internado<br>Hospital de Toay: 3 internados<br>Hospital de Victorica: 4 internados.<br>Hospital de Realic\u00f3: 2 internados<br>Hospital de Parera: 1 internado<br>Hospital de Colonia Bar\u00f3n: 5 internados.<br>Hospital de Trenel: 3 internados<br>Hospital de Rancul: 3 internados<br>Hospital de Intendente Alvear: 2 internados<br>Hospital de Quem\u00fa Quem\u00fa: 2 internados<br>Hospital de Macach\u00edn: 2 internados<br>Hospital de Jacinto Arauz: 2 internados<br>Hospital de Miguel Riglos: 1 internado<br>Hospital de Catril\u00f3: 5 internados<br>Hospital de Rol\u00f3n: 1 internado<\/p>\n\n\n\n<p class=\"has-medium-font-size\"><strong>Ocupaci\u00f3n de camas UTI:&nbsp;<\/strong><br>Al d\u00eda de la fecha&nbsp; la provincia de La Pampa cuenta con 139 Unidades de Terapia.&nbsp;<br>&#8211; 83 UTI adultos COVID-19, de las cuales 53 se encuentran ocupadas<br>&#8211; 56 UTI no COVID-19, de las cuales 42 se encuentran ocupadas<br>El porcentaje de ocupaci\u00f3n de camas de terapia intensiva en la Provincia es del&nbsp; 68.34 %, corte de la informaci\u00f3n realizado a las 18.<\/p>\n\n\n\n<p><\/p>\n","protected":false},"excerpt":{"rendered":"<p>Salud concluy\u00f3 el procesamiento de 1.255 muestras en los laboratorios de la Direcci\u00f3n de Epidemiolog\u00eda<\/p>\n","protected":false},"author":1,"featured_media":6558,"comment_status":"open","ping_status":"open","sticky":false,"template":"","format":"standard","meta":{"om_disable_all_campaigns":false,"_monsterinsights_skip_tracking":false,"_monsterinsights_sitenote_active":false,"_monsterinsights_sitenote_note":"","_monsterinsights_sitenote_category":0,"_uf_show_specific_survey":0,"_uf_disable_surveys":false,"footnotes":""},"categories":[32,1129,1913],"tags":[],"class_list":["post-19057","post","type-post","status-publish","format-standard","has-post-thumbnail","hentry","category-actualidad","category-en-foco","category-porvinciales"],"aioseo_notices":[],"_links":{"self":[{"href":"https:\/\/revistabife.com\/index.php\/wp-json\/wp\/v2\/posts\/19057"}],"collection":[{"href":"https:\/\/revistabife.com\/index.php\/wp-json\/wp\/v2\/posts"}],"about":[{"href":"https:\/\/revistabife.com\/index.php\/wp-json\/wp\/v2\/types\/post"}],"author":[{"embeddable":true,"href":"https:\/\/revistabife.com\/index.php\/wp-json\/wp\/v2\/users\/1"}],"replies":[{"embeddable":true,"href":"https:\/\/revistabife.com\/index.php\/wp-json\/wp\/v2\/comments?post=19057"}],"version-history":[{"count":1,"href":"https:\/\/revistabife.com\/index.php\/wp-json\/wp\/v2\/posts\/19057\/revisions"}],"predecessor-version":[{"id":19058,"href":"https:\/\/revistabife.com\/index.php\/wp-json\/wp\/v2\/posts\/19057\/revisions\/19058"}],"wp:featuredmedia":[{"embeddable":true,"href":"https:\/\/revistabife.com\/index.php\/wp-json\/wp\/v2\/media\/6558"}],"wp:attachment":[{"href":"https:\/\/revistabife.com\/index.php\/wp-json\/wp\/v2\/media?parent=19057"}],"wp:term":[{"taxonomy":"category","embeddable":true,"href":"https:\/\/revistabife.com\/index.php\/wp-json\/wp\/v2\/categories?post=19057"},{"taxonomy":"post_tag","embeddable":true,"href":"https:\/\/revistabife.com\/index.php\/wp-json\/wp\/v2\/tags?post=19057"}],"curies":[{"name":"wp","href":"https:\/\/api.w.org\/{rel}","templated":true}]}}