{"id":19052,"date":"2021-06-29T15:57:42","date_gmt":"2021-06-29T18:57:42","guid":{"rendered":"http:\/\/revistabife.com\/?p=19052"},"modified":"2021-06-29T15:57:43","modified_gmt":"2021-06-29T18:57:43","slug":"declararan-la-emergencia-habitacional-en-la-provincia","status":"publish","type":"post","link":"https:\/\/revistabife.com\/index.php\/2021\/06\/29\/declararan-la-emergencia-habitacional-en-la-provincia\/","title":{"rendered":"Declararan la emergencia habitacional en la provincia"},"content":{"rendered":"\n<p class=\"has-drop-cap has-medium-font-size\">Se reuni\u00f3 la comisi\u00f3n de Hacienda y Presupuesto y emiti\u00f3 dictamen favorable por mayor\u00eda, fijando posici\u00f3n en el recinto por minor\u00eda, al proyecto del gobierno provincial por el que se declara la emergencia habitacional en todo el territorio Provincial.<\/p>\n\n\n\n<p class=\"has-medium-font-size\">El proyecto busca habilitar los procedimientos administrativos necesarios para implementar, con la mayor celeridad y ejecutividad, las medidas tendientes a paliar el d\u00e9ficit habitacional.<\/p>\n\n\n\n<p class=\"has-medium-font-size\">Posteriormente se conform\u00f3 la comisi\u00f3n de Asuntos Agrarios y se ratific\u00f3 el proyecto dictaminado previamente sobre la declaraci\u00f3n de la emergencia habitacional en toda la provincia, votado favorablemente por mayor\u00eda mientras que la minor\u00eda fij\u00f3 posici\u00f3n en el recinto.<\/p>\n\n\n\n<p class=\"has-medium-font-size\">Por\n\u00faltimo, se sac\u00f3 despacho favorable por mayor\u00eda, fijando posici\u00f3n en el recinto\npor minor\u00eda al proyecto del Poder Ejecutivo por el que se aprueba el Convenio\nsuscripto entre la Direcci\u00f3n Nacional de Vialidad y la Direcci\u00f3n Provincial de\nVialidad, el d\u00eda 20 de abril de 2021. \u201cEs una muestra de lo que puede comenzar\na ser esta necesidad de mejorar las rutas. Se trata de obras en las rutas n\u00ba\n18, 20 y 152. El gobierno nacional aportar\u00eda los fondos, y la provincia se\nhar\u00eda cargo del proceso licitatorio\u201d, explic\u00f3 Ariel Rojas. <\/p>\n","protected":false},"excerpt":{"rendered":"<p>Se reuni\u00f3 la comisi\u00f3n de Hacienda y Presupuesto y emiti\u00f3 dictamen favorable por mayor\u00eda, fijando<\/p>\n","protected":false},"author":1,"featured_media":19053,"comment_status":"open","ping_status":"open","sticky":false,"template":"","format":"standard","meta":{"om_disable_all_campaigns":false,"_monsterinsights_skip_tracking":false,"_monsterinsights_sitenote_active":false,"_monsterinsights_sitenote_note":"","_monsterinsights_sitenote_category":0,"_uf_show_specific_survey":0,"_uf_disable_surveys":false,"footnotes":""},"categories":[32,1129,1913],"tags":[],"class_list":["post-19052","post","type-post","status-publish","format-standard","has-post-thumbnail","hentry","category-actualidad","category-en-foco","category-porvinciales"],"aioseo_notices":[],"_links":{"self":[{"href":"https:\/\/revistabife.com\/index.php\/wp-json\/wp\/v2\/posts\/19052"}],"collection":[{"href":"https:\/\/revistabife.com\/index.php\/wp-json\/wp\/v2\/posts"}],"about":[{"href":"https:\/\/revistabife.com\/index.php\/wp-json\/wp\/v2\/types\/post"}],"author":[{"embeddable":true,"href":"https:\/\/revistabife.com\/index.php\/wp-json\/wp\/v2\/users\/1"}],"replies":[{"embeddable":true,"href":"https:\/\/revistabife.com\/index.php\/wp-json\/wp\/v2\/comments?post=19052"}],"version-history":[{"count":1,"href":"https:\/\/revistabife.com\/index.php\/wp-json\/wp\/v2\/posts\/19052\/revisions"}],"predecessor-version":[{"id":19054,"href":"https:\/\/revistabife.com\/index.php\/wp-json\/wp\/v2\/posts\/19052\/revisions\/19054"}],"wp:featuredmedia":[{"embeddable":true,"href":"https:\/\/revistabife.com\/index.php\/wp-json\/wp\/v2\/media\/19053"}],"wp:attachment":[{"href":"https:\/\/revistabife.com\/index.php\/wp-json\/wp\/v2\/media?parent=19052"}],"wp:term":[{"taxonomy":"category","embeddable":true,"href":"https:\/\/revistabife.com\/index.php\/wp-json\/wp\/v2\/categories?post=19052"},{"taxonomy":"post_tag","embeddable":true,"href":"https:\/\/revistabife.com\/index.php\/wp-json\/wp\/v2\/tags?post=19052"}],"curies":[{"name":"wp","href":"https:\/\/api.w.org\/{rel}","templated":true}]}}