{"id":19050,"date":"2021-06-29T13:23:22","date_gmt":"2021-06-29T16:23:22","guid":{"rendered":"http:\/\/revistabife.com\/?p=19050"},"modified":"2021-06-29T13:23:22","modified_gmt":"2021-06-29T16:23:22","slug":"covid-la-pampa-alcanzo-las-200-mil-dosis-aplicadas","status":"publish","type":"post","link":"https:\/\/revistabife.com\/index.php\/2021\/06\/29\/covid-la-pampa-alcanzo-las-200-mil-dosis-aplicadas\/","title":{"rendered":"Covid: La Pampa alcanz\u00f3 las 200 mil dosis aplicadas"},"content":{"rendered":"\n<p style=\"text-align:left\" class=\"has-drop-cap has-medium-font-size\"> La Pampa aplic\u00f3 hasta el momento 200 mil dosis de vacunas contra el coronavirus.<\/p>\n\n\n\n<p class=\"has-medium-font-size\">La campa\u00f1a de vacunaci\u00f3n en La Pampa comenz\u00f3 el 29 de diciembre de 2020, simult\u00e1neamente con todas las provincias del pa\u00eds. A medida que fueron arribando vacunas se abrieron los grupos de riesgo planificados en la poblaci\u00f3n objetivo para luego ir ampli\u00e1ndolo de modo progresivo y escalonado en el tiempo.<\/p>\n\n\n\n<p class=\"has-medium-font-size\">En este contexto, La Pampa lleg\u00f3 a las 200 mil dosis aplicadas, n\u00famero representativo de todo el trabajo que demanda una planificaci\u00f3n de estas caracter\u00edsticas, para lo cual, result\u00f3 esencial la capacitaci\u00f3n del recurso humano y la organizaci\u00f3n de cada centro de vacunaci\u00f3n. M\u00e1s aun teniendo en cuenta el extenso territorio pampeano que requiri\u00f3 una log\u00edstica definida, y cada marca de vacuna una conservaci\u00f3n y refrigeraci\u00f3n diferente.<\/p>\n\n\n\n<p class=\"has-medium-font-size\">&#8220;De esta manera, para cumplir con el prop\u00f3sito y objetivo central que es disminuir la morbimortalidad, la vacunaci\u00f3n contra el covid se posicion\u00f3 como una pol\u00edtica p\u00fablica sanitaria de gran impacto para toda la poblaci\u00f3n&#8221;, destacaron desde Salud <\/p>\n","protected":false},"excerpt":{"rendered":"<p>La Pampa aplic\u00f3 hasta el momento 200 mil dosis de vacunas contra el coronavirus. La<\/p>\n","protected":false},"author":1,"featured_media":11775,"comment_status":"open","ping_status":"open","sticky":false,"template":"","format":"standard","meta":{"om_disable_all_campaigns":false,"_monsterinsights_skip_tracking":false,"_monsterinsights_sitenote_active":false,"_monsterinsights_sitenote_note":"","_monsterinsights_sitenote_category":0,"_uf_show_specific_survey":0,"_uf_disable_surveys":false,"footnotes":""},"categories":[32,1129,1913],"tags":[],"class_list":["post-19050","post","type-post","status-publish","format-standard","has-post-thumbnail","hentry","category-actualidad","category-en-foco","category-porvinciales"],"aioseo_notices":[],"_links":{"self":[{"href":"https:\/\/revistabife.com\/index.php\/wp-json\/wp\/v2\/posts\/19050"}],"collection":[{"href":"https:\/\/revistabife.com\/index.php\/wp-json\/wp\/v2\/posts"}],"about":[{"href":"https:\/\/revistabife.com\/index.php\/wp-json\/wp\/v2\/types\/post"}],"author":[{"embeddable":true,"href":"https:\/\/revistabife.com\/index.php\/wp-json\/wp\/v2\/users\/1"}],"replies":[{"embeddable":true,"href":"https:\/\/revistabife.com\/index.php\/wp-json\/wp\/v2\/comments?post=19050"}],"version-history":[{"count":1,"href":"https:\/\/revistabife.com\/index.php\/wp-json\/wp\/v2\/posts\/19050\/revisions"}],"predecessor-version":[{"id":19051,"href":"https:\/\/revistabife.com\/index.php\/wp-json\/wp\/v2\/posts\/19050\/revisions\/19051"}],"wp:featuredmedia":[{"embeddable":true,"href":"https:\/\/revistabife.com\/index.php\/wp-json\/wp\/v2\/media\/11775"}],"wp:attachment":[{"href":"https:\/\/revistabife.com\/index.php\/wp-json\/wp\/v2\/media?parent=19050"}],"wp:term":[{"taxonomy":"category","embeddable":true,"href":"https:\/\/revistabife.com\/index.php\/wp-json\/wp\/v2\/categories?post=19050"},{"taxonomy":"post_tag","embeddable":true,"href":"https:\/\/revistabife.com\/index.php\/wp-json\/wp\/v2\/tags?post=19050"}],"curies":[{"name":"wp","href":"https:\/\/api.w.org\/{rel}","templated":true}]}}