{"id":19047,"date":"2021-06-29T13:12:26","date_gmt":"2021-06-29T16:12:26","guid":{"rendered":"http:\/\/revistabife.com\/?p=19047"},"modified":"2021-06-29T13:12:34","modified_gmt":"2021-06-29T16:12:34","slug":"este-miercoles-no-abre-cpe-hogar","status":"publish","type":"post","link":"https:\/\/revistabife.com\/index.php\/2021\/06\/29\/este-miercoles-no-abre-cpe-hogar\/","title":{"rendered":"Este mi\u00e9rcoles no abre CPE Hogar"},"content":{"rendered":"\n<p class=\"has-drop-cap has-medium-font-size\">El \u00e1rea de Art\u00edculos del Hogar de la CPE inform\u00f3 a sus asociados y clientes que este mi\u00e9rcoles 30 de junio, la sede Santa Rosa (que funciona sobre calle Ra\u00fal B. D\u00edaz) no abrir\u00e1 sus puertas al p\u00fablico, para culminar las tareas de inventario correspondientes. <\/p>\n\n\n\n<p class=\"has-medium-font-size\">En las sedes de las localidades interconectadas se trabajar\u00e1 en los horarios tradicionales, tal como acontece cada a\u00f1o. La CPE cierra este 30 de junio su ejercicio econ\u00f3mico y social anual n\u00ba 89, el cual se inici\u00f3 el 1\u00ba de julio de 2020. <\/p>\n","protected":false},"excerpt":{"rendered":"<p>El \u00e1rea de Art\u00edculos del Hogar de la CPE inform\u00f3 a sus asociados y clientes<\/p>\n","protected":false},"author":1,"featured_media":19048,"comment_status":"open","ping_status":"open","sticky":false,"template":"","format":"standard","meta":{"om_disable_all_campaigns":false,"_monsterinsights_skip_tracking":false,"_monsterinsights_sitenote_active":false,"_monsterinsights_sitenote_note":"","_monsterinsights_sitenote_category":0,"_uf_show_specific_survey":0,"_uf_disable_surveys":false,"footnotes":""},"categories":[32,1129,1913],"tags":[],"class_list":["post-19047","post","type-post","status-publish","format-standard","has-post-thumbnail","hentry","category-actualidad","category-en-foco","category-porvinciales"],"aioseo_notices":[],"_links":{"self":[{"href":"https:\/\/revistabife.com\/index.php\/wp-json\/wp\/v2\/posts\/19047"}],"collection":[{"href":"https:\/\/revistabife.com\/index.php\/wp-json\/wp\/v2\/posts"}],"about":[{"href":"https:\/\/revistabife.com\/index.php\/wp-json\/wp\/v2\/types\/post"}],"author":[{"embeddable":true,"href":"https:\/\/revistabife.com\/index.php\/wp-json\/wp\/v2\/users\/1"}],"replies":[{"embeddable":true,"href":"https:\/\/revistabife.com\/index.php\/wp-json\/wp\/v2\/comments?post=19047"}],"version-history":[{"count":1,"href":"https:\/\/revistabife.com\/index.php\/wp-json\/wp\/v2\/posts\/19047\/revisions"}],"predecessor-version":[{"id":19049,"href":"https:\/\/revistabife.com\/index.php\/wp-json\/wp\/v2\/posts\/19047\/revisions\/19049"}],"wp:featuredmedia":[{"embeddable":true,"href":"https:\/\/revistabife.com\/index.php\/wp-json\/wp\/v2\/media\/19048"}],"wp:attachment":[{"href":"https:\/\/revistabife.com\/index.php\/wp-json\/wp\/v2\/media?parent=19047"}],"wp:term":[{"taxonomy":"category","embeddable":true,"href":"https:\/\/revistabife.com\/index.php\/wp-json\/wp\/v2\/categories?post=19047"},{"taxonomy":"post_tag","embeddable":true,"href":"https:\/\/revistabife.com\/index.php\/wp-json\/wp\/v2\/tags?post=19047"}],"curies":[{"name":"wp","href":"https:\/\/api.w.org\/{rel}","templated":true}]}}