{"id":19023,"date":"2021-06-28T13:46:04","date_gmt":"2021-06-28T16:46:04","guid":{"rendered":"http:\/\/revistabife.com\/?p=19023"},"modified":"2021-06-28T13:46:06","modified_gmt":"2021-06-28T16:46:06","slug":"afirman-que-macri-se-fue-a-pasear-en-yate-por-el-mediterraneo-pese-a-ser-contacto-estrecho","status":"publish","type":"post","link":"https:\/\/revistabife.com\/index.php\/2021\/06\/28\/afirman-que-macri-se-fue-a-pasear-en-yate-por-el-mediterraneo-pese-a-ser-contacto-estrecho\/","title":{"rendered":"Afirman que Macri se fue a pasear en yate por el Mediterr\u00e1neo pese a ser contacto estrecho"},"content":{"rendered":"\n<p class=\"has-drop-cap has-medium-font-size\">Mauricio Macri se tom\u00f3 un avi\u00f3n este domingo para pasar unas vacaciones en Espa\u00f1a pese a ser contacto estrecho del diputado Juan Manuel L\u00f3pez, que se contagi\u00f3 de coronavirus la semana pasada y oblig\u00f3 a aislarse a varios dirigentes del oficialismo y la oposici\u00f3n.<\/p>\n\n\n\n<p class=\"has-medium-font-size\">Macri present\u00f3 un PCR negativo en el aeropuerto de Ezeiza este domingo y se subi\u00f3 a un avi\u00f3n de Iberia. Desde Migraciones no respondieron por qu\u00e9 Macri pudo subirse a un avi\u00f3n comercial y atravesar las fronteras pese a ser contacto estrecho.<\/p>\n\n\n\n<p class=\"has-medium-font-size\">De acuerdo a la normativa\u00a0que exhibe\u00a0el propio gobierno porte\u00f1o, los ciudadanos de a pie deben aislarse de una semana a 10 d\u00edas sin son contactos estrechos de un caso positivo y luego hisoparse. Ni Macri cumpli\u00f3 ese aislamiento ni Larreta, que este domingo estuvo en el CCK para participar del homenaje a las v\u00edctimas del coronavirus que organiz\u00f3 el Gobierno nacional.<\/p>\n\n\n\n<p class=\"has-medium-font-size\">Fuentes del gobierno porte\u00f1o se\u00f1alaron a\u00a0Infobae\u00a0que Horacio Rodr\u00edguez Larreta no se aislar\u00e1 porque no estuvo &#8220;cerca&#8221; de L\u00f3pez en ning\u00fan momento. Lo mismo sucedi\u00f3 con Macri, la informaci\u00f3n es que &#8220;no tuvo contacto directo&#8221; y estuvo &#8220;a m\u00e1s de cinco metros en un lugar con importante ventilaci\u00f3n&#8221;.<\/p>\n\n\n\n<p class=\"has-medium-font-size\">Macri se abri\u00f3 dos semanas de la interna de Cambiemos y le dio ese tiempo a Larreta para que resuelva el conflicto entre Mar\u00eda Eugenia Vidal y Patricia Bullrich. Las dos semanas no fueron tanto un lapso decidido por el ex presidente para dejar madurar las conversaciones pol\u00edticas sino para pasear por el Mediterr\u00e1neo en un yate.<\/p>\n\n\n\n<p class=\"has-medium-font-size\">La invitaci\u00f3n a las vacaciones a bordo de la embarcaci\u00f3n, de 40 metros de largo, provino del supuesto conde belga Bruno Laurent Philippe Barbier, ex marido de Juliana Awada (y ex pareja de Viviana Canosa), con quien la ex primera dama tuvo su primera hija, Valentina.<\/p>\n","protected":false},"excerpt":{"rendered":"<p>Mauricio Macri se tom\u00f3 un avi\u00f3n este domingo para pasar unas vacaciones en Espa\u00f1a pese<\/p>\n","protected":false},"author":1,"featured_media":19024,"comment_status":"open","ping_status":"open","sticky":false,"template":"","format":"standard","meta":{"om_disable_all_campaigns":false,"_monsterinsights_skip_tracking":false,"_monsterinsights_sitenote_active":false,"_monsterinsights_sitenote_note":"","_monsterinsights_sitenote_category":0,"_uf_show_specific_survey":0,"_uf_disable_surveys":false,"footnotes":""},"categories":[32,1129,1868],"tags":[],"class_list":["post-19023","post","type-post","status-publish","format-standard","has-post-thumbnail","hentry","category-actualidad","category-en-foco","category-nacionales-2"],"aioseo_notices":[],"_links":{"self":[{"href":"https:\/\/revistabife.com\/index.php\/wp-json\/wp\/v2\/posts\/19023"}],"collection":[{"href":"https:\/\/revistabife.com\/index.php\/wp-json\/wp\/v2\/posts"}],"about":[{"href":"https:\/\/revistabife.com\/index.php\/wp-json\/wp\/v2\/types\/post"}],"author":[{"embeddable":true,"href":"https:\/\/revistabife.com\/index.php\/wp-json\/wp\/v2\/users\/1"}],"replies":[{"embeddable":true,"href":"https:\/\/revistabife.com\/index.php\/wp-json\/wp\/v2\/comments?post=19023"}],"version-history":[{"count":1,"href":"https:\/\/revistabife.com\/index.php\/wp-json\/wp\/v2\/posts\/19023\/revisions"}],"predecessor-version":[{"id":19025,"href":"https:\/\/revistabife.com\/index.php\/wp-json\/wp\/v2\/posts\/19023\/revisions\/19025"}],"wp:featuredmedia":[{"embeddable":true,"href":"https:\/\/revistabife.com\/index.php\/wp-json\/wp\/v2\/media\/19024"}],"wp:attachment":[{"href":"https:\/\/revistabife.com\/index.php\/wp-json\/wp\/v2\/media?parent=19023"}],"wp:term":[{"taxonomy":"category","embeddable":true,"href":"https:\/\/revistabife.com\/index.php\/wp-json\/wp\/v2\/categories?post=19023"},{"taxonomy":"post_tag","embeddable":true,"href":"https:\/\/revistabife.com\/index.php\/wp-json\/wp\/v2\/tags?post=19023"}],"curies":[{"name":"wp","href":"https:\/\/api.w.org\/{rel}","templated":true}]}}