{"id":19020,"date":"2021-06-28T12:57:25","date_gmt":"2021-06-28T15:57:25","guid":{"rendered":"http:\/\/revistabife.com\/?p=19020"},"modified":"2021-06-28T12:57:26","modified_gmt":"2021-06-28T15:57:26","slug":"dia-del-orgullo-intervencion-artistica-en-casa-de-gobierno","status":"publish","type":"post","link":"https:\/\/revistabife.com\/index.php\/2021\/06\/28\/dia-del-orgullo-intervencion-artistica-en-casa-de-gobierno\/","title":{"rendered":"D\u00eda del Orgullo: Intervenci\u00f3n art\u00edstica en Casa de Gobierno"},"content":{"rendered":"\n<p class=\"has-drop-cap has-medium-font-size\">Para el 20 de Junio se mont\u00f3 una intervenci\u00f3n representativa sobre la estructura instalada para el D\u00eda de la Bandera, a partir de cuadros irregulares, como forma de vestir la fachada de la Casa de Gobierno con un esquema compositivo propuesto por el artista pl\u00e1stico, Santiago Amrein.<\/p>\n\n\n\n<p class=\"has-medium-font-size\">Estos proyectos, promovidos desde la Secretar\u00eda General de la Gobernaci\u00f3n, encuentran en la Subsecretar\u00eda de Medios una forma de comunicar desde el arte, impactando en la v\u00eda p\u00fablica desde el espacio urbano que pertenece al Centro C\u00edvico provincial. En esa l\u00ednea y en consonancia con acciones concretas en materia de igualdad de derechos activadas desde la gesti\u00f3n del gobernador, Sergio Ziliotto, se enmarc\u00f3 la reciente decisi\u00f3n de continuar visibilizando e integrando el colectivo LGBTTTIQNB+ a trav\u00e9s de la modificaci\u00f3n de la denominaci\u00f3n de la Secretar\u00eda de la Mujer.<\/p>\n\n\n\n<p class=\"has-medium-font-size\"><br>&#8220;Es importante que continuemos pensando en pol\u00edticas p\u00fablicas que lleguen a todas y todos los pampeanos, y esta decisi\u00f3n tiene ese objetivo\u201d, se\u00f1al\u00f3 el gobernador, luego de que fuera aprobada en la C\u00e1mara de Diputados provincial la nueva identificaci\u00f3n.<br><br><strong>Otro paso<\/strong><\/p>\n\n\n\n<p class=\"has-medium-font-size\">Ahora, y con el objetivo de refuncionalizar esa instalaci\u00f3n, se trabaj\u00f3 en la celebraci\u00f3n del D\u00eda Internacional del Orgullo LGBTTTIQNB+, coordin\u00e1ndose una intervenci\u00f3n, sobre la estructura dispuesta y concretada por Amaury, la mano del artista pl\u00e1stico Santiago Amrein junto a Xavi Meringer, quienes con su visi\u00f3n desde el muralismo establecieron su propuesta sobre el mismo plano fragmentado en cuadrados de 90 x 90 cm, y que se conservar\u00e1 toda la semana en el frente de la Gobernaci\u00f3n local.<\/p>\n\n\n\n<p class=\"has-medium-font-size\"><br>En ese sentido y con el compromiso de sumar a la consolidaci\u00f3n de los derechos de las diversidades y las disidencias, desde el Estado provincial se trabaj\u00f3 pensando en aportar, con una nueva acci\u00f3n, a la visibilizaci\u00f3n de celebraciones que permiten naturalizar el respeto, la tolerancia y la convivencia, para igualarnos en oportunidades y permitirnos expresar con libertad nuestra elecci\u00f3n de g\u00e9nero. \u201cEl orgullo LGBTTTIQNB+ manifiesta el primero de todos los derechos de las personas, que es el derecho a amar en libertad\u201d, expresaron los autores.<\/p>\n","protected":false},"excerpt":{"rendered":"<p>Para el 20 de Junio se mont\u00f3 una intervenci\u00f3n representativa sobre la estructura instalada para<\/p>\n","protected":false},"author":1,"featured_media":19021,"comment_status":"open","ping_status":"open","sticky":false,"template":"","format":"standard","meta":{"om_disable_all_campaigns":false,"_monsterinsights_skip_tracking":false,"_monsterinsights_sitenote_active":false,"_monsterinsights_sitenote_note":"","_monsterinsights_sitenote_category":0,"_uf_show_specific_survey":0,"_uf_disable_surveys":false,"footnotes":""},"categories":[32,1129,1913],"tags":[],"class_list":["post-19020","post","type-post","status-publish","format-standard","has-post-thumbnail","hentry","category-actualidad","category-en-foco","category-porvinciales"],"aioseo_notices":[],"_links":{"self":[{"href":"https:\/\/revistabife.com\/index.php\/wp-json\/wp\/v2\/posts\/19020"}],"collection":[{"href":"https:\/\/revistabife.com\/index.php\/wp-json\/wp\/v2\/posts"}],"about":[{"href":"https:\/\/revistabife.com\/index.php\/wp-json\/wp\/v2\/types\/post"}],"author":[{"embeddable":true,"href":"https:\/\/revistabife.com\/index.php\/wp-json\/wp\/v2\/users\/1"}],"replies":[{"embeddable":true,"href":"https:\/\/revistabife.com\/index.php\/wp-json\/wp\/v2\/comments?post=19020"}],"version-history":[{"count":1,"href":"https:\/\/revistabife.com\/index.php\/wp-json\/wp\/v2\/posts\/19020\/revisions"}],"predecessor-version":[{"id":19022,"href":"https:\/\/revistabife.com\/index.php\/wp-json\/wp\/v2\/posts\/19020\/revisions\/19022"}],"wp:featuredmedia":[{"embeddable":true,"href":"https:\/\/revistabife.com\/index.php\/wp-json\/wp\/v2\/media\/19021"}],"wp:attachment":[{"href":"https:\/\/revistabife.com\/index.php\/wp-json\/wp\/v2\/media?parent=19020"}],"wp:term":[{"taxonomy":"category","embeddable":true,"href":"https:\/\/revistabife.com\/index.php\/wp-json\/wp\/v2\/categories?post=19020"},{"taxonomy":"post_tag","embeddable":true,"href":"https:\/\/revistabife.com\/index.php\/wp-json\/wp\/v2\/tags?post=19020"}],"curies":[{"name":"wp","href":"https:\/\/api.w.org\/{rel}","templated":true}]}}