{"id":19016,"date":"2021-06-28T12:42:43","date_gmt":"2021-06-28T15:42:43","guid":{"rendered":"http:\/\/revistabife.com\/?p=19016"},"modified":"2021-06-28T12:42:45","modified_gmt":"2021-06-28T15:42:45","slug":"el-gobierno-provincial-promovio-la-creacion-de-casi-400-empleos-registrados-en-7-meses","status":"publish","type":"post","link":"https:\/\/revistabife.com\/index.php\/2021\/06\/28\/el-gobierno-provincial-promovio-la-creacion-de-casi-400-empleos-registrados-en-7-meses\/","title":{"rendered":"El Gobierno provincial promovi\u00f3 la creaci\u00f3n de casi 400 empleos registrados en 7 meses"},"content":{"rendered":"\n<p class=\"has-drop-cap has-medium-font-size\">Los ingresos al sistema laboral formal se lograron a trav\u00e9s del programa de Fortalecimiento del Trabajo Pampeano que instrument\u00f3 el gobernador Sergio Ziliotto en diciembre de 2020. Exactamente se generaron 381 nuevos empleos, un promedio de 54 por mes, lo que indica que de sostenerse el ritmo de esta la operatoria se crear\u00edan alrededor 653 nuevos puestos de trabajo por a\u00f1o bajo esta modalidad.\u00a0<\/p>\n\n\n\n<p class=\"has-medium-font-size\"><br>Entre diciembre de 2020 y mayo de este a\u00f1o el Gobierno provincial invirti\u00f3 m\u00e1s de 17 millones en este programa, que gestiona la Secretar\u00eda de Trabajo y Promoci\u00f3n del Empleo. Asimismo, hasta el 25 de junio pasado, el Banco de La Pampa, a trav\u00e9s de una l\u00ednea vinculada y complementaria de este programa, otorg\u00f3 48 pr\u00e9stamos a tasa cero, por $ 20,7 millones.<\/p>\n\n\n\n<p class=\"has-medium-font-size\"><strong>Qui\u00e9nes consiguieron trabajo formal<\/strong><br>Un desglose de la informaci\u00f3n recabada por la Secretar\u00eda de Trabajo saca a la luz un dato trascendente: 36 personas de entre 56 y 65 a\u00f1os consiguieron empleo formal\u00a0con\u00a0este programa<strong>.<\/strong>\u00a0El dato\u00a0 es valorable positivamente por s\u00ed solo, teniendo en cuenta que se trata de un segmento al que, como en el resto del pa\u00eds y del mundo, se le dificulta el acceso al trabajo registrado.<br>Los estad\u00edsticas realizadas por la Secretar\u00eda de Trabajo revelan que la franja etaria de 18 a 25 tom\u00f3 76 de los puestos; la de 26 a 35 accedi\u00f3 a 134 empleos; de los 36 a 45 a\u00f1os\u00a0 accedieron a 96; de 45 a 55, 39 empleos y de 56 a 65 a\u00f1os hubo 36 beneficiarios.<\/p>\n\n\n\n<p class=\"has-medium-font-size\"><strong>Empresas adheridas y rubros<\/strong><br>A la fecha han adherido 185 empresas de 22 localidades pampeanas<strong>.\u00a0<\/strong>\u00a0De ese total, 95 corresponden a Santa Rosa, 33 a General Pico, 10 a Quem\u00fa Quem\u00fa y el resto se distribuyen entre 25 de Mayo, Ataliva Roca, Caleuf\u00fa, Eduardo Castex, Catril\u00f3, Colonia Bar\u00f3n, Embajador Martini, Jacinto Arauz, Ingeniero Luiggi, Macach\u00edn, Parera, Rancul, Realic\u00f3, Rol\u00f3n, Toay, Trenel, Uriburu, Victorica y Winifreda.<\/p>\n\n\n\n<p class=\"has-medium-font-size\"><br>Del total de empresas que adhirieron a la fecha, 98 pertenecen al sector comercio, 55 al sector de servicios, 26 al industrial y 6 corresponden al sector agropecuario.<\/p>\n\n\n\n<p class=\"has-medium-font-size\"><strong>Como se gest\u00f3 el programa<\/strong><br>Uno de los principales objetivos del gobierno de Sergio Ziliotto es promover la creaci\u00f3n de empleo, a partir de la acci\u00f3n conjunta\u00a0 entre el Estado provincial y el sector privado.<\/p>\n\n\n\n<p class=\"has-medium-font-size\"><br>En la campa\u00f1a electoral anticip\u00f3 que su gesti\u00f3n se ocupar\u00eda de \u201cafianzar el desarrollo de la Provincia a partir de la diversificaci\u00f3n de nuestra producci\u00f3n, convencidos de que la prosperidad de los pampeanos est\u00e1 indisolublemente vinculada al trabajo digno\u201d.<\/p>\n\n\n\n<p class=\"has-medium-font-size\"><br>Ese objetivo fue planteado en reuniones de trabajo ante\u00a0 empresarios, industriales, comerciantes y prestadores de servicios, y tambi\u00e9n ante las organizaciones gremiales que nuclean a trabajadoras y trabajadores pampeanos.<\/p>\n\n\n\n<p class=\"has-medium-font-size\"><br>Hoy, pandemia mediante, se multiplican las acciones desde distintas \u00e1reas del Gobierno provincial para crear empleo formal, genuino y duradero, y una de las principales herramientas\u00a0 es el \u201cPrograma de Fortalecimiento de Trabajo Pampeano\u201d.<\/p>\n\n\n\n<p class=\"has-medium-font-size\"><strong>Cu\u00e1l es el&nbsp; aporte del Gobierno<\/strong><br>La operatoria consiste en otorgar, por parte del Estado provincial, un aporte econ\u00f3mico a cada empleador que contrate de manera formal a un nuevo trabajador o trabajadora, teniendo que estar este \u00faltimo desocupado y radicado en la provincia de La Pampa.<br>El aporte econ\u00f3mico (destinado a reducir el Costo Total Laboral en los primeros 12 meses de la relaci\u00f3n contractual) inici\u00f3 en $ 15.000, habi\u00e9ndose elevado en la actualidad a $ 16.410 (aplicando la actualizaci\u00f3n trimestral que arroj\u00f3 una variaci\u00f3n salarial del 9,4 % en el primer trimestre de puesta en funcionamiento del programa, seg\u00fan los informes mensuales que emite el INDEC).<\/p>\n\n\n\n<p class=\"has-medium-font-size\"><strong>El aporte complementario del Banco de La Pampa.<\/strong><br>Por cada nuevo empleo, el empleador tiene la posibilidad de acceder a un cr\u00e9dito a tasa 0, a 12 meses de devoluci\u00f3n y por un monto equivalente al aporte mensual que pone el Estado multiplicado por 12.<\/p>\n\n\n\n<p class=\"has-medium-font-size\"><strong>Difusi\u00f3n y evoluci\u00f3n<\/strong><br>Desde la Secretar\u00eda de Trabajo y Promoci\u00f3n del Empleo se organiz\u00f3 un dispositivo de difusi\u00f3n del Programa. En ese marco se recorren distintos puntos de la Provincia para darlo a conocer detalladamente&nbsp; y evacuar todas las consultas que tienen los potenciales empleadores.<br>Se recorrieron alrededor de 25 localidades, con la participaci\u00f3n de m\u00e1s de 400 empleadores que se acercaron a escuchar los detalles del programa y realizar consultas puntuales.<br>El programa tuvo su pico de ingresos en el mes de marzo de este a\u00f1o, cuando se registraron 99 nuevos trabajos. En diciembre de 2020, cuando reci\u00e9n se implement\u00f3, los nuevos trabajos registrados sumaron 18, cifra que fue evolucionando y fluctuando mensualmente.<br>A junio de este a\u00f1o se crearon 381 nuevos puestos de trabajo, un promedio de 54 mensuales, n\u00famero que resulta alentador si se analiza que se produce en un contexto de pandemia mundial que afect\u00f3 todas las actividades econ\u00f3micas.<br><\/p>\n","protected":false},"excerpt":{"rendered":"<p>Los ingresos al sistema laboral formal se lograron a trav\u00e9s del programa de Fortalecimiento del<\/p>\n","protected":false},"author":1,"featured_media":19017,"comment_status":"open","ping_status":"open","sticky":false,"template":"","format":"standard","meta":{"om_disable_all_campaigns":false,"_monsterinsights_skip_tracking":false,"_monsterinsights_sitenote_active":false,"_monsterinsights_sitenote_note":"","_monsterinsights_sitenote_category":0,"_uf_show_specific_survey":0,"_uf_disable_surveys":false,"footnotes":""},"categories":[32,1129,1913],"tags":[],"class_list":["post-19016","post","type-post","status-publish","format-standard","has-post-thumbnail","hentry","category-actualidad","category-en-foco","category-porvinciales"],"aioseo_notices":[],"_links":{"self":[{"href":"https:\/\/revistabife.com\/index.php\/wp-json\/wp\/v2\/posts\/19016"}],"collection":[{"href":"https:\/\/revistabife.com\/index.php\/wp-json\/wp\/v2\/posts"}],"about":[{"href":"https:\/\/revistabife.com\/index.php\/wp-json\/wp\/v2\/types\/post"}],"author":[{"embeddable":true,"href":"https:\/\/revistabife.com\/index.php\/wp-json\/wp\/v2\/users\/1"}],"replies":[{"embeddable":true,"href":"https:\/\/revistabife.com\/index.php\/wp-json\/wp\/v2\/comments?post=19016"}],"version-history":[{"count":1,"href":"https:\/\/revistabife.com\/index.php\/wp-json\/wp\/v2\/posts\/19016\/revisions"}],"predecessor-version":[{"id":19018,"href":"https:\/\/revistabife.com\/index.php\/wp-json\/wp\/v2\/posts\/19016\/revisions\/19018"}],"wp:featuredmedia":[{"embeddable":true,"href":"https:\/\/revistabife.com\/index.php\/wp-json\/wp\/v2\/media\/19017"}],"wp:attachment":[{"href":"https:\/\/revistabife.com\/index.php\/wp-json\/wp\/v2\/media?parent=19016"}],"wp:term":[{"taxonomy":"category","embeddable":true,"href":"https:\/\/revistabife.com\/index.php\/wp-json\/wp\/v2\/categories?post=19016"},{"taxonomy":"post_tag","embeddable":true,"href":"https:\/\/revistabife.com\/index.php\/wp-json\/wp\/v2\/tags?post=19016"}],"curies":[{"name":"wp","href":"https:\/\/api.w.org\/{rel}","templated":true}]}}